{"id":23740,"date":"2009-12-15T18:19:55","date_gmt":"2009-12-15T18:19:55","guid":{"rendered":"https:\/\/obscom.intervozes.org.br\/wordpress\/?p=23740"},"modified":"2009-12-15T18:19:55","modified_gmt":"2009-12-15T18:19:55","slug":"lula-critica-empresarios-por-boicote-a-conferencia-de-comunicacao","status":"publish","type":"post","link":"https:\/\/obscom.intervozes.org.br\/?p=23740","title":{"rendered":"Lula critica empres\u00e1rios por boicote \u00e0 Confer\u00eancia de Comunica\u00e7\u00e3o"},"content":{"rendered":"<p>A aus&ecirc;ncia de seis das oito entidades empresariais na 1&ordf; Confer&ecirc;ncia Nacional de Comunica&ccedil;&atilde;o, que come&ccedil;ou nesta segunda (14) &agrave; noite, no Centro de Conven&ccedil;&otilde;es Ulisses Guimar&atilde;es em Bras&iacute;lia, foi duramente criticada na abertura do evento. O presidente Luiz In&aacute;cio Lula da Silva mandou um recado direto aos grupos parabenizando os que tiveram &ldquo;coragem&rdquo; de comparecer.<\/p>\n<p>Discursou no evento Johnny Saad,presidente da Associa&ccedil;&atilde;o Brasileira de Radiodifusores (Abra), que &eacute; encabe&ccedil;ada pelo grupo Bandeirantes e pela Rede TV. Ele provocou a manifesta&ccedil;&atilde;o do plen&aacute;rio contra a Rede Globo ao dizer que nas emissoras abertas &eacute; necess&aacute;rio a diversidade e pluralidade, mas isso n&atilde;o acontece porque &ldquo;uma &uacute;nica organiza&ccedil;&atilde;o n&atilde;o deixa isso acontecer&rdquo;. <\/p>\n<p>&ldquo;Quero aqui fazer um agradecimento especial &agrave; participa&ccedil;&atilde;o dos empres&aacute;rios que n&atilde;o tiveram medo de vir nesta Confer&ecirc;ncia participar do processo de democratiza&ccedil;&atilde;o&rdquo;, disse o presidente sob aplauso dos mais de 1.600 delegados presentes ao evento. <\/p>\n<p>Referindo-se ainda ao boicote desse segmento, o presidente destacou a realiza&ccedil;&atilde;o das 27 Confer&ecirc;ncias Estaduais que aconteceram sem nenhum conflito entre os diversos representantes de entidades sociais, empresariais e p&uacute;blicos. <\/p>\n<p>&ldquo;Por isso mesmo lamento que alguns atores da &aacute;rea da comunica&ccedil;&atilde;o tenham preferido se ausentar dessa confer&ecirc;ncia temendo sabe-se l&aacute; o qu&ecirc;. Perderam uma &oacute;tima oportunidade para conversar, defender suas ideais, lan&ccedil;ar pontes e derrubar muros. Eu que sou um homem de conversa e de di&aacute;logo volto a dizer: lamento, mas cada um &eacute; dono de suas decis&otilde;es e sabe onde lhe aperta o calo, bola pra frente e vamos tocar nossa confer&ecirc;ncia&rdquo;, disse Lula.<\/p>\n<p><strong>Vaia a H&eacute;lio Costa<\/p>\n<p><\/strong>O ministro das Comunica&ccedil;&otilde;es, H&eacute;lio Costa, considerado por muitos como representante dos empres&aacute;rios que boicotaram o evento, recebeu estrondosas vaias de delegados que tamb&eacute;m o criticaram por tentar inviabilizar o evento. Mesmo assim, o ministro terminou seu discurso destacando a in&eacute;dita realiza&ccedil;&atilde;o da Confer&ecirc;ncia e a coragem do presidente Lula de realiz&aacute;-la.<\/p>\n<p>O coordenador do F&oacute;rum Nacional da Democratiza&ccedil;&atilde;o da Comunica&ccedil;&atilde;o (FNDC), Celso Schroeder, destacou o papel do movimento social na efetiva&ccedil;&atilde;o do evento. Disse que a Confer&ecirc;ncia rompeu o sil&ecirc;ncio e permitir&aacute; construir uma agenda na &aacute;rea que vai possibilitar a elabora&ccedil;&atilde;o de pol&iacute;ticas p&uacute;blicas no setor. <\/p>\n<p>Schroeder tamb&eacute;m cobrou do governo o compromisso com a convoca&ccedil;&atilde;o da pr&oacute;xima Confer&ecirc;ncia, uma vez que o processo estava apenas come&ccedil;ando. <\/p>\n<p>A secret&aacute;ria de comunica&ccedil;&atilde;o da Central &Uacute;nica dos Trabalhadores (CUT), Rosane Bertotti, fez um cumprimento especial &agrave;s mulheres que ao longo das etapas estaduais se destacaram trazendo a quest&atilde;o de g&ecirc;nero para o debate.<\/p>\n<p>A Confer&ecirc;ncia homenageou o jornalista Daniel Hertz, morto em 2006 em decorr&ecirc;ncia de um c&acirc;ncer. Ele dedicou a maior parte da sua vida &agrave; luta pela democratiza&ccedil;&atilde;o da comunica&ccedil;&atilde;o. Seus dois filhos receberam uma placa em sua homenagem. [<em>Iram Alfaia<\/em>]<\/p>\n","protected":false},"excerpt":{"rendered":"<p>A aus&ecirc;ncia de seis das oito entidades empresariais na 1&ordf; Confer&ecirc;ncia Nacional de Comunica&ccedil;&atilde;o, que come&ccedil;ou nesta segunda (14) &agrave; noite, no Centro de Conven&ccedil;&otilde;es Ulisses Guimar&atilde;es em Bras&iacute;lia, foi duramente criticada na abertura do evento. O presidente Luiz In&aacute;cio Lula da Silva mandou um recado direto aos grupos parabenizando os que tiveram &ldquo;coragem&rdquo; de &hellip; <a href=\"https:\/\/obscom.intervozes.org.br\/?p=23740\" class=\"more-link\">Continue lendo <span class=\"screen-reader-text\">Lula critica empres\u00e1rios por boicote \u00e0 Confer\u00eancia de Comunica\u00e7\u00e3o<\/span> <span class=\"meta-nav\">&rarr;<\/span><\/a><\/p>\n","protected":false},"author":1,"featured_media":0,"comment_status":"open","ping_status":"open","sticky":false,"template":"","format":"standard","meta":{"footnotes":""},"categories":[40],"tags":[1012],"_links":{"self":[{"href":"https:\/\/obscom.intervozes.org.br\/index.php?rest_route=\/wp\/v2\/posts\/23740"}],"collection":[{"href":"https:\/\/obscom.intervozes.org.br\/index.php?rest_route=\/wp\/v2\/posts"}],"about":[{"href":"https:\/\/obscom.intervozes.org.br\/index.php?rest_route=\/wp\/v2\/types\/post"}],"author":[{"embeddable":true,"href":"https:\/\/obscom.intervozes.org.br\/index.php?rest_route=\/wp\/v2\/users\/1"}],"replies":[{"embeddable":true,"href":"https:\/\/obscom.intervozes.org.br\/index.php?rest_route=%2Fwp%2Fv2%2Fcomments&post=23740"}],"version-history":[{"count":0,"href":"https:\/\/obscom.intervozes.org.br\/index.php?rest_route=\/wp\/v2\/posts\/23740\/revisions"}],"wp:attachment":[{"href":"https:\/\/obscom.intervozes.org.br\/index.php?rest_route=%2Fwp%2Fv2%2Fmedia&parent=23740"}],"wp:term":[{"taxonomy":"category","embeddable":true,"href":"https:\/\/obscom.intervozes.org.br\/index.php?rest_route=%2Fwp%2Fv2%2Fcategories&post=23740"},{"taxonomy":"post_tag","embeddable":true,"href":"https:\/\/obscom.intervozes.org.br\/index.php?rest_route=%2Fwp%2Fv2%2Ftags&post=23740"}],"curies":[{"name":"wp","href":"https:\/\/api.w.org\/{rel}","templated":true}]}}