{"id":23739,"date":"2009-12-15T18:11:25","date_gmt":"2009-12-15T18:11:25","guid":{"rendered":"https:\/\/obscom.intervozes.org.br\/wordpress\/?p=23739"},"modified":"2009-12-15T18:11:25","modified_gmt":"2009-12-15T18:11:25","slug":"azenha-conferencia-de-comunicacao-rompe-com-a-panelinha","status":"publish","type":"post","link":"https:\/\/obscom.intervozes.org.br\/?p=23739","title":{"rendered":"Azenha: Confer\u00eancia de Comunica\u00e7\u00e3o &#8220;rompe com a panelinha&#8221;"},"content":{"rendered":"<p><em>Originalmente publicado no blog Vi o Mundo<\/em><\/p>\n<p>Fiz v&aacute;rias palestras preparat&oacute;rias para a Confer&ecirc;ncia Nacional de Comunica&ccedil;&atilde;o. Na etapa paulista, me inscrevi como microempres&aacute;rio, produtor de conte&uacute;dos &#8212; o que fa&ccedil;o para a TV Record e a Baboon Filmes. Infelizmente, por motivos profissionais, n&atilde;o pude integrar a lista de delegados paulistas. Mas me sinto representado em Bras&iacute;lia pelo Rodrigo Vianna.<\/p>\n<p>Desde l&aacute; de tr&aacute;s, quando muita gente se dizia desconfiado da confer&ecirc;ncia, eu dizia: n&atilde;o adianta esperar milagre. Como, de fato, n&atilde;o haver&aacute; milagre. O importante, sempre acreditei, est&aacute; no processo. No engajamento de alguns milhares de brasileiros &mdash; 10, 20, 30 mil? &mdash;, que n&atilde;o s&atilde;o empres&aacute;rios do ramo, nem jornalistas, em um debate nacional sobre a comunica&ccedil;&atilde;o no pa&iacute;s. E, antes mesmo da Confecom, vi isso nas palestras: o p&uacute;blico era variado.<\/p>\n<p>Mais gente poderia ter se engajado? Com certeza, sim. Houve problemas na convoca&ccedil;&atilde;o da Confecom? Sim. Mas n&atilde;o tem pre&ccedil;o esse processo de mobiliza&ccedil;&atilde;o: ele rompe com a panelinha que sempre decidiu nos bastidores, sem qualquer consulta ao p&uacute;blico, todas as quest&otilde;es relativas &agrave; comunica&ccedil;&atilde;o no Brasil. Da&iacute; a decis&atilde;o de grande parte dos empres&aacute;rios de se retirar da confer&ecirc;ncia. Aparentemente, eles ainda acreditam que &eacute; poss&iacute;vel fazer retroceder o processo. Sinceramente, n&atilde;o sei como pretendem fazer isso.<\/p>\n<p>Continuo achando que n&atilde;o haver&aacute; milagres. Que &eacute; preciso trabalhar com uma agenda m&iacute;nima, na qual eu incluiria a dispers&atilde;o das verbas oficiais de publicidade para incentivar as r&aacute;dios e TVs comunit&aacute;rias e uma rede nacional de banda larga integrada a um esfor&ccedil;o para a produ&ccedil;&atilde;o de conte&uacute;dos locais. E que, se cada um de n&oacute;s trabalhar para trazer mais uma pessoa para o debate, em alguns anos atingiremos a massa cr&iacute;tica necess&aacute;ria a aprofundar as mudan&ccedil;as. <\/p>\n","protected":false},"excerpt":{"rendered":"<p>Originalmente publicado no blog Vi o Mundo Fiz v&aacute;rias palestras preparat&oacute;rias para a Confer&ecirc;ncia Nacional de Comunica&ccedil;&atilde;o. Na etapa paulista, me inscrevi como microempres&aacute;rio, produtor de conte&uacute;dos &#8212; o que fa&ccedil;o para a TV Record e a Baboon Filmes. Infelizmente, por motivos profissionais, n&atilde;o pude integrar a lista de delegados paulistas. Mas me sinto representado &hellip; <a href=\"https:\/\/obscom.intervozes.org.br\/?p=23739\" class=\"more-link\">Continue lendo <span class=\"screen-reader-text\">Azenha: Confer\u00eancia de Comunica\u00e7\u00e3o &#8220;rompe com a panelinha&#8221;<\/span> <span class=\"meta-nav\">&rarr;<\/span><\/a><\/p>\n","protected":false},"author":1,"featured_media":0,"comment_status":"open","ping_status":"open","sticky":false,"template":"","format":"standard","meta":{"footnotes":""},"categories":[40],"tags":[1012],"_links":{"self":[{"href":"https:\/\/obscom.intervozes.org.br\/index.php?rest_route=\/wp\/v2\/posts\/23739"}],"collection":[{"href":"https:\/\/obscom.intervozes.org.br\/index.php?rest_route=\/wp\/v2\/posts"}],"about":[{"href":"https:\/\/obscom.intervozes.org.br\/index.php?rest_route=\/wp\/v2\/types\/post"}],"author":[{"embeddable":true,"href":"https:\/\/obscom.intervozes.org.br\/index.php?rest_route=\/wp\/v2\/users\/1"}],"replies":[{"embeddable":true,"href":"https:\/\/obscom.intervozes.org.br\/index.php?rest_route=%2Fwp%2Fv2%2Fcomments&post=23739"}],"version-history":[{"count":0,"href":"https:\/\/obscom.intervozes.org.br\/index.php?rest_route=\/wp\/v2\/posts\/23739\/revisions"}],"wp:attachment":[{"href":"https:\/\/obscom.intervozes.org.br\/index.php?rest_route=%2Fwp%2Fv2%2Fmedia&parent=23739"}],"wp:term":[{"taxonomy":"category","embeddable":true,"href":"https:\/\/obscom.intervozes.org.br\/index.php?rest_route=%2Fwp%2Fv2%2Fcategories&post=23739"},{"taxonomy":"post_tag","embeddable":true,"href":"https:\/\/obscom.intervozes.org.br\/index.php?rest_route=%2Fwp%2Fv2%2Ftags&post=23739"}],"curies":[{"name":"wp","href":"https:\/\/api.w.org\/{rel}","templated":true}]}}