{"id":23737,"date":"2009-12-15T17:56:19","date_gmt":"2009-12-15T17:56:19","guid":{"rendered":"https:\/\/obscom.intervozes.org.br\/wordpress\/?p=23737"},"modified":"2009-12-15T17:56:19","modified_gmt":"2009-12-15T17:56:19","slug":"voto-sensivel-leva-a-convocacao-de-plenaria-da-sociedade-civil","status":"publish","type":"post","link":"https:\/\/obscom.intervozes.org.br\/?p=23737","title":{"rendered":"Voto sens\u00edvel leva \u00e0 convoca\u00e7\u00e3o de plen\u00e1ria da Sociedade Civil"},"content":{"rendered":"<p><em>&nbsp;Texto originalmente publicado pela Cobertura Jovem &#8211; Vira&ccedil;&atilde;o<\/em><\/p>\n<p>&nbsp;Na reuni&atilde;o extraordin&aacute;ria da Comiss&atilde;o Organizadora Nacional, ontem (14\/12), passou a proposta da Associa&ccedil;&atilde;o Brasileira de Radiodifusores (Abra), para que nas atividades dos grupos de trabalhos fosse poss&iacute;vel invocar o qu&oacute;rum qualificado por qualquer um dos segmentos. Mas, o que diabo &eacute; qu&oacute;rum qualificado? Pelas resolu&ccedil;&otilde;es da Confer&ecirc;ncia, o qu&oacute;rum qualificado poderia ser invocado quando qualquer segmento considerasse um tema em discuss&atilde;o sens&iacute;vel. Nesse caso, para qualquer proposta sobre esse tema ser aprovada, ela tem que ter 60% dos votos do grupo de trabalho e pelo menos um voto de cada um dos tr&ecirc;s segmentos &ndash;governo, empresariado e sociedade civil.<\/p>\n<p>Na pr&aacute;tica, o que isso representa? Indica se n&atilde;o houver composi&ccedil;&atilde;o m&aacute;xima entre dois segmentos nas vota&ccedil;&otilde;es dos grupos de trabalho, quando o tema for sens&iacute;vel, a proposta n&atilde;o passa. Isso porque a sociedade civil representa 40%, o empresariado tamb&eacute;m e o governo 20%. Essa composi&ccedil;&atilde;o vai ser respeitada nos grupos.<br \/>E como aconteceu dessa proposta passar na Comiss&atilde;o Organizadora Nacional (COM)? Quando foi colocada &agrave; mesa a proposta da Abra, parte da representa&ccedil;&atilde;o da sociedade civil requereu quorum qualificado pra essa discuss&atilde;o, pra decidir se teria ou n&atilde;o qu&oacute;rum qualificado na vota&ccedil;&atilde;o dos GTs. A&iacute; a sociedade civil rachou. E o requerimento pra qu&oacute;rum qualificado na CON pra discutir o qu&oacute;rum qualificado nos GTs n&atilde;o passou. N&atilde;o passando, a proposta da Abra passou, pois precisava de apenas 50% mais um dos votos, e o governo e a CUT e FNDC acompanharam a proposta. Intervozes e Abra&ccedil;o votaram contr&aacute;rio.<\/p>\n<p>A partir desse racha da sociedade civil, foi convocada uma plen&aacute;ria, ap&oacute;s a abertura da Confer&ecirc;ncia. E novamente o racha se estabeleceu. No final, duas propostas prosperaram. A primeira, que a sociedade civil abandonasse a Confer&ecirc;ncia, por entender que nenhuma proposta de interesse da sociedade civil, e que mexesse nos interesses dos empres&aacute;rios, poder&aacute; prosperar, porque certamente os empres&aacute;rios v&atilde;o invocar tema sens&iacute;vel. A outra proposta, &eacute; que a realiza&ccedil;&atilde;o da Confer&ecirc;ncia &eacute; um ac&uacute;mulo pol&iacute;tico, e abandonar o processos agora seria retroagir no que foi constru&iacute;do at&eacute; agora<\/p>\n<p>S&atilde;o essas duas propostas que v&atilde;o dar o tom da vota&ccedil;&atilde;o do regulamento da Confer&ecirc;ncia, que come&ccedil;ou a ser discutido agora, exatamente ao meio-dia.<\/p>\n","protected":false},"excerpt":{"rendered":"<p>&nbsp;Texto originalmente publicado pela Cobertura Jovem &#8211; Vira&ccedil;&atilde;o &nbsp;Na reuni&atilde;o extraordin&aacute;ria da Comiss&atilde;o Organizadora Nacional, ontem (14\/12), passou a proposta da Associa&ccedil;&atilde;o Brasileira de Radiodifusores (Abra), para que nas atividades dos grupos de trabalhos fosse poss&iacute;vel invocar o qu&oacute;rum qualificado por qualquer um dos segmentos. Mas, o que diabo &eacute; qu&oacute;rum qualificado? Pelas resolu&ccedil;&otilde;es da &hellip; <a href=\"https:\/\/obscom.intervozes.org.br\/?p=23737\" class=\"more-link\">Continue lendo <span class=\"screen-reader-text\">Voto sens\u00edvel leva \u00e0 convoca\u00e7\u00e3o de plen\u00e1ria da Sociedade Civil<\/span> <span class=\"meta-nav\">&rarr;<\/span><\/a><\/p>\n","protected":false},"author":1,"featured_media":0,"comment_status":"open","ping_status":"open","sticky":false,"template":"","format":"standard","meta":{"footnotes":""},"categories":[40],"tags":[1012],"_links":{"self":[{"href":"https:\/\/obscom.intervozes.org.br\/index.php?rest_route=\/wp\/v2\/posts\/23737"}],"collection":[{"href":"https:\/\/obscom.intervozes.org.br\/index.php?rest_route=\/wp\/v2\/posts"}],"about":[{"href":"https:\/\/obscom.intervozes.org.br\/index.php?rest_route=\/wp\/v2\/types\/post"}],"author":[{"embeddable":true,"href":"https:\/\/obscom.intervozes.org.br\/index.php?rest_route=\/wp\/v2\/users\/1"}],"replies":[{"embeddable":true,"href":"https:\/\/obscom.intervozes.org.br\/index.php?rest_route=%2Fwp%2Fv2%2Fcomments&post=23737"}],"version-history":[{"count":0,"href":"https:\/\/obscom.intervozes.org.br\/index.php?rest_route=\/wp\/v2\/posts\/23737\/revisions"}],"wp:attachment":[{"href":"https:\/\/obscom.intervozes.org.br\/index.php?rest_route=%2Fwp%2Fv2%2Fmedia&parent=23737"}],"wp:term":[{"taxonomy":"category","embeddable":true,"href":"https:\/\/obscom.intervozes.org.br\/index.php?rest_route=%2Fwp%2Fv2%2Fcategories&post=23737"},{"taxonomy":"post_tag","embeddable":true,"href":"https:\/\/obscom.intervozes.org.br\/index.php?rest_route=%2Fwp%2Fv2%2Ftags&post=23737"}],"curies":[{"name":"wp","href":"https:\/\/api.w.org\/{rel}","templated":true}]}}