{"id":23736,"date":"2009-12-15T17:28:15","date_gmt":"2009-12-15T17:28:15","guid":{"rendered":"https:\/\/obscom.intervozes.org.br\/wordpress\/?p=23736"},"modified":"2009-12-15T17:28:15","modified_gmt":"2009-12-15T17:28:15","slug":"helio-costa-e-vaiado-na-abertura-da-conferencia","status":"publish","type":"post","link":"https:\/\/obscom.intervozes.org.br\/?p=23736","title":{"rendered":"H\u00e9lio Costa \u00e9 vaiado na abertura da Confer\u00eancia"},"content":{"rendered":"<p style=\"margin-top: 0px; margin-bottom: 11px; padding-top: 0px\"><em>Reproduzido da Cobertura Jovem &#8211;&nbsp;Vira&ccedil;&atilde;o<\/em>&nbsp;<\/p>\n<p style=\"margin-top: 0px; margin-bottom: 11px; padding-top: 0px\">A plen&aacute;ria da I Confer&ecirc;ncia Nacional de Comunica&ccedil;&atilde;o quebrou o sil&ecirc;ncio e a invisibilidade da discuss&atilde;o sobre a tem&aacute;tica no Brasil. E n&atilde;o foi nada lisonjeira com o ministro das Comunica&ccedil;&otilde;es. Aos gritos de &ndash; H&eacute;lio Costa , que papel&atilde;o. O empres&aacute;rio &eacute; teu patr&atilde;o &ndash; a plen&aacute;ria deu as boas vindas ao ministro. Pelo menos tr&ecirc;s vezes em seu discurso, ele foi interrompido por vaias. Ao contr&aacute;rio, Luzia Erundina recebeu calorosos aplausos dos participantes.<\/p>\n<p>E H&eacute;lio Costa, em sua fala, n&atilde;o fez nenhum esfor&ccedil;o para reverter a acolhida. Por exemplo, quando confessou que n&atilde;o tinha sido f&aacute;cil chegar at&eacute; aquele momento, da realiza&ccedil;&atilde;o da Confer&ecirc;ncia. Foi a deixa pra a plat&eacute;ia gritar: &ndash; Apesar de voc&ecirc;!, lembrando as rela&ccedil;&otilde;es que o ministro tem com o setor empresarial no Brasil.<\/p>\n<p>&nbsp;Para ouvir a fala de H&eacute;lio Costa clique <a href=\"http:\/\/catavento.org.br\/cobertura\/?p=448\" target=\"_blank\">aqui<\/a>.<\/p>\n","protected":false},"excerpt":{"rendered":"<p>Reproduzido da Cobertura Jovem &#8211;&nbsp;Vira&ccedil;&atilde;o&nbsp; A plen&aacute;ria da I Confer&ecirc;ncia Nacional de Comunica&ccedil;&atilde;o quebrou o sil&ecirc;ncio e a invisibilidade da discuss&atilde;o sobre a tem&aacute;tica no Brasil. E n&atilde;o foi nada lisonjeira com o ministro das Comunica&ccedil;&otilde;es. Aos gritos de &ndash; H&eacute;lio Costa , que papel&atilde;o. O empres&aacute;rio &eacute; teu patr&atilde;o &ndash; a plen&aacute;ria deu as &hellip; <a href=\"https:\/\/obscom.intervozes.org.br\/?p=23736\" class=\"more-link\">Continue lendo <span class=\"screen-reader-text\">H\u00e9lio Costa \u00e9 vaiado na abertura da Confer\u00eancia<\/span> <span class=\"meta-nav\">&rarr;<\/span><\/a><\/p>\n","protected":false},"author":1,"featured_media":0,"comment_status":"open","ping_status":"open","sticky":false,"template":"","format":"standard","meta":{"footnotes":""},"categories":[40],"tags":[1012],"_links":{"self":[{"href":"https:\/\/obscom.intervozes.org.br\/index.php?rest_route=\/wp\/v2\/posts\/23736"}],"collection":[{"href":"https:\/\/obscom.intervozes.org.br\/index.php?rest_route=\/wp\/v2\/posts"}],"about":[{"href":"https:\/\/obscom.intervozes.org.br\/index.php?rest_route=\/wp\/v2\/types\/post"}],"author":[{"embeddable":true,"href":"https:\/\/obscom.intervozes.org.br\/index.php?rest_route=\/wp\/v2\/users\/1"}],"replies":[{"embeddable":true,"href":"https:\/\/obscom.intervozes.org.br\/index.php?rest_route=%2Fwp%2Fv2%2Fcomments&post=23736"}],"version-history":[{"count":0,"href":"https:\/\/obscom.intervozes.org.br\/index.php?rest_route=\/wp\/v2\/posts\/23736\/revisions"}],"wp:attachment":[{"href":"https:\/\/obscom.intervozes.org.br\/index.php?rest_route=%2Fwp%2Fv2%2Fmedia&parent=23736"}],"wp:term":[{"taxonomy":"category","embeddable":true,"href":"https:\/\/obscom.intervozes.org.br\/index.php?rest_route=%2Fwp%2Fv2%2Fcategories&post=23736"},{"taxonomy":"post_tag","embeddable":true,"href":"https:\/\/obscom.intervozes.org.br\/index.php?rest_route=%2Fwp%2Fv2%2Ftags&post=23736"}],"curies":[{"name":"wp","href":"https:\/\/api.w.org\/{rel}","templated":true}]}}