{"id":23730,"date":"2009-12-14T13:53:55","date_gmt":"2009-12-14T13:53:55","guid":{"rendered":"https:\/\/obscom.intervozes.org.br\/wordpress\/?p=23730"},"modified":"2014-09-07T02:59:13","modified_gmt":"2014-09-07T02:59:13","slug":"encontro-de-vitoria-renova-articulacao-do-forum-de-midia-livre","status":"publish","type":"post","link":"https:\/\/obscom.intervozes.org.br\/?p=23730","title":{"rendered":"Encontro de Vit\u00f3ria renova articula\u00e7\u00e3o do F\u00f3rum de M\u00eddia Livre"},"content":{"rendered":"<p>   \t \t \t \t \t<!-- \t\t@page { margin: 2cm } \t\tP { margin-bottom: 0.21cm } \t--> \t  <\/p>\n<p style=\"margin-bottom: 0cm\" class=\"padrao\">As altera&ccedil;&otilde;es que tiveram de ser feitas de &uacute;ltima hora na programa&ccedil;&atilde;o do II F&oacute;rum de M&iacute;dia Livre, realizado entre os dias 4 e 6 deste m&ecirc;s em Vit&oacute;ria, e a forte chuva que caiu na cidade n&atilde;o foram suficientes para diminuir a vitalidade da articula&ccedil;&atilde;o. Apesar da baixa no n&uacute;mero de participantes, cerca de 400 pessoas circularam pelo evento e quase 2 mil prestigiaram o Festival de M&uacute;sica Livre, que aconteceu nas noites do encontro. Os participantes tamb&eacute;m conseguiram avan&ccedil;ar em quest&otilde;es de interesse coletivo, como a necessidade de aumentar e qualificar a forma&ccedil;&atilde;o em comunica&ccedil;&atilde;o dentro e fora do ambiente escolar e acad&ecirc;mico, a import&acirc;ncia de cria&ccedil;&atilde;o de redes entre os chamados midialivristas e a busca por mecanismos que garantam a <a href=\"http:\/\/localhost\/intervozes_direitoacomunicacao\/wordpress\/?p=23711\">sustentabilidade dos projetos<\/a>  e pessoas envolvidas com as m&iacute;dias livres. <\/p>\n<p>Como um dos resultados do encontro foram aprovadas v&aacute;rias propostas discutidas em grupos, que estar&atilde;o disponibilizadas no site do f&oacute;rum (<a href=\"http:\/\/www.forumdemidialivre.org\/\">http:\/\/www.forumdemidialivre.org<\/a>) a partir do dia 13. V&aacute;rias delas pensadas em di&aacute;logo com as que foram encaminhadas pelos estados &agrave; etapa nacional da 1&ordf; Confer&ecirc;ncia Nacional de Comunica&ccedil;&atilde;o, que acontece a partir da pr&oacute;xima segunda-feira (14) e se encerra na quinta-feira (17). Al&eacute;m disso, destaca-se tamb&eacute;m a iniciativa dos participantes em criar uma rede de prote&ccedil;&atilde;o e solidariedade a blogueiros e radialistas comunit&aacute;rios, e a id&eacute;ia de aproximar o movimento &agrave; rede de economia solid&aacute;ria.<\/p>\n<p>Para Renato Rovai, editor da Revista F&oacute;rum, o debate mais interessante do encontro foi em rela&ccedil;&atilde;o &agrave; sustentabilidade da m&iacute;dia livre. <span style=\"text-decoration: none\"> &ldquo;Teve muito peso no evento e se criaram alguns caminhos na &oacute;rbita de se construir uma economia solid&aacute;ria entre os projetos midialivristas e se criar uma ponte entre os projetos e outros, da economia solid&aacute;ria&rdquo;, relata. A id&eacute;ia &eacute; incentivar a troca de produtos e servi&ccedil;os entre os grupos da rede. O <a href=\"http:\/\/www.iteia.org.br\" target=\"_blank\">projeto iTEIA<\/a> , por exemplo, pretende criar a partir do ano que vem um ambiente digital em seu site para fomentar essa pr&aacute;tica. <\/p>\n<p><\/span>Ainda dentro desse tema, foi reafirmada a import&acirc;ncia de o Estado tamb&eacute;m atuar como promotor das m&iacute;dias livres. Uma das maneiras seria, por exemplo, dando continuidade a pol&iacute;tica de editais para esse setor, como foi feito pelo Minist&eacute;rio da Cultura (MinC) no in&iacute;cio deste ano com o Ponto de M&iacute;dia Livre. &ldquo;Acho que o que temos que garantir agora &eacute; ampliar para outros lugares essa pol&iacute;tica porque voc&ecirc; n&atilde;o ter&aacute; como protagonista &uacute;nico o MinC&rdquo;, prop&otilde;e Rovai.<\/p>\n<p>Um novo edital deste tipo, por&eacute;m, ainda n&atilde;o est&aacute; nos planos do Minist&eacute;rio da Cultura. O que a pasta pretende fazer, por enquanto, &eacute; continuar incentivando o interc&acirc;mbio entre os projetos que participaram do primeiro edital. &ldquo;Nosso papel &eacute; que os pontos consigam se comunicar e criar mecanismos de contato. A gente quer ativar uma rede&rdquo;, diz o respons&aacute;vel por esse trabalho no MinC, Zonda Bez. Ele acredita que um caminho interessante seria descentralizar a pol&iacute;tica, fazendo com que estados e munic&iacute;pios tamb&eacute;m incorporem projetos de m&iacute;dia livre em seus editas para a &aacute;rea da Cultura. <\/p>\n<p>No edital lan&ccedil;ado pelo MinC foram premiadas <a href=\"http:\/\/maps.google.com\/maps\/ms?hl=ptBR&amp;ie=UTF8&amp;msa=0&amp;msid=115494384602741054191.000473c85de1067476974&amp;t=h&amp;z=\" target=\"_blank\">82 iniciativas<\/a>. Desses, 26 j&aacute; eram Pontos de Cultura. Os outros contemplados vieram de r&aacute;dios comunit&aacute;rias, peri&oacute;dicos e s&iacute;tios web independentes que atuam na &aacute;rea s&oacute;cio-cultural. Dos premiados, a maioria pertence &agrave; categoria Web (27%), seguida por R&aacute;dio e Impresso (23% cada), Audiovisual (19%) e Multim&iacute;dia (8%).  No contexto nacional, a regi&atilde;o Sudeste representa 51% das iniciativas premiadas. O Nordeste brasileiro foi a regi&atilde;o com a segunda maior quantidade de projetos premiados: 26% (21 projetos). Cerca de 400 entidades se inscreveram para concorrer ao edital.<\/p>\n<p>A diversidade de organiza&ccedil;&otilde;es e pessoas presentes no 2&ordm; FML foi um dos pontos mais positivos do encontro, segundo a coordenadora da Escola de Comunica&ccedil;&atilde;o da Universidade Federal do Rio de Janeiro (UFRJ), Ivana Bentes. &ldquo;Acho que o que aconteceu de mais importante foi a aproxima&ccedil;&atilde;o do F&oacute;rum de M&iacute;dia Livre com o movimento do software livre e o M&uacute;sica Pra Baixar, que se incorporaram aqui (em Vit&oacute;ria). Deu uma mudan&ccedil;a de perfil bacana e tamb&eacute;m conseguiu se articular com o pessoal do movimento hist&oacute;rico&rdquo;, diz a professora. <\/p>\n<p>O jornalista Altamiro Borges, integrante do F&oacute;rum desde seu in&iacute;cio, em 2008, tamb&eacute;m avalia que a pluralidade de pensamentos &eacute; uma marca da organiza&ccedil;&atilde;o. Ao mesmo tempo, ponderou, em texto publicado em seu blog, que &ldquo;a diversidade n&atilde;o pode resultar em dispers&atilde;o. Ser&aacute; preciso dar maior organicidade e agilidade ao FML para que ele cumpra um papel de maior protagonismo no pa&iacute;s.&rdquo;<\/p>\n<p>Para tentar evitar a dispers&atilde;o citada por Altamiro e tamb&eacute;m dar conta de encaminhar as discuss&otilde;es e propostas que sa&iacute;ram do encontro em Vit&oacute;ria, foi formado um grupo com 19 integrantes, com pessoas e movimentos de v&aacute;rias partes do pa&iacute;s. A id&eacute;ia &eacute; que ele se re&uacute;na ainda no come&ccedil;o do pr&oacute;ximo ano e pense um subgrupo, mais enxuto e executivo. A um indicativo para que o terceiro F&oacute;rum seja realizado novamente em Vit&oacute;ria.  <\/p>\n<p style=\"margin-bottom: 0cm\" class=\"western\"> <\/p>\n","protected":false},"excerpt":{"rendered":"<p>Sustentabilidade e prote&ccedil;&atilde;o a blogueiros e comunicadores comunit&aacute;rios estiveram no foco das discuss&otilde;es, assim como participa&ccedil;&atilde;o na Confecom<\/p>\n","protected":false},"author":1,"featured_media":0,"comment_status":"open","ping_status":"open","sticky":false,"template":"","format":"standard","meta":{"footnotes":""},"categories":[40],"tags":[1185],"_links":{"self":[{"href":"https:\/\/obscom.intervozes.org.br\/index.php?rest_route=\/wp\/v2\/posts\/23730"}],"collection":[{"href":"https:\/\/obscom.intervozes.org.br\/index.php?rest_route=\/wp\/v2\/posts"}],"about":[{"href":"https:\/\/obscom.intervozes.org.br\/index.php?rest_route=\/wp\/v2\/types\/post"}],"author":[{"embeddable":true,"href":"https:\/\/obscom.intervozes.org.br\/index.php?rest_route=\/wp\/v2\/users\/1"}],"replies":[{"embeddable":true,"href":"https:\/\/obscom.intervozes.org.br\/index.php?rest_route=%2Fwp%2Fv2%2Fcomments&post=23730"}],"version-history":[{"count":1,"href":"https:\/\/obscom.intervozes.org.br\/index.php?rest_route=\/wp\/v2\/posts\/23730\/revisions"}],"predecessor-version":[{"id":28072,"href":"https:\/\/obscom.intervozes.org.br\/index.php?rest_route=\/wp\/v2\/posts\/23730\/revisions\/28072"}],"wp:attachment":[{"href":"https:\/\/obscom.intervozes.org.br\/index.php?rest_route=%2Fwp%2Fv2%2Fmedia&parent=23730"}],"wp:term":[{"taxonomy":"category","embeddable":true,"href":"https:\/\/obscom.intervozes.org.br\/index.php?rest_route=%2Fwp%2Fv2%2Fcategories&post=23730"},{"taxonomy":"post_tag","embeddable":true,"href":"https:\/\/obscom.intervozes.org.br\/index.php?rest_route=%2Fwp%2Fv2%2Ftags&post=23730"}],"curies":[{"name":"wp","href":"https:\/\/api.w.org\/{rel}","templated":true}]}}