{"id":23723,"date":"2009-12-11T16:54:28","date_gmt":"2009-12-11T16:54:28","guid":{"rendered":"https:\/\/obscom.intervozes.org.br\/wordpress\/?p=23723"},"modified":"2009-12-11T16:54:28","modified_gmt":"2009-12-11T16:54:28","slug":"programacao-da-etapa-nacional-tera-paineis-preparatorios-e-15-gts","status":"publish","type":"post","link":"https:\/\/obscom.intervozes.org.br\/?p=23723","title":{"rendered":"Programa\u00e7\u00e3o da etapa nacional ter\u00e1 pain\u00e9is preparat\u00f3rios e 15 GT&#8217;s"},"content":{"rendered":"<p>   \t \t \t \t \t<!-- \t\t@page { margin: 2cm } \t\tP { margin-bottom: 0.21cm } \t--> \t  <\/p>\n<p style=\"margin-bottom: 0cm\" class=\"padrao\"><em>[T&iacute;tulo original: Programa&ccedil;&atilde;o e pain&eacute;is da Confer&ecirc;ncia]<\/em><\/p>\n<p>A 1&ordf; Confer&ecirc;ncia Nacional de Comunica&ccedil;&atilde;o (1&ordf; Confecom) ter&aacute; uma programa&ccedil;&atilde;o de pain&eacute;is que dar&aacute; subs&iacute;dios aos debates dos 15 grupos de trabalho que estar&atilde;o reunidos para discutir a comunica&ccedil;&atilde;o no Brasil. A confer&ecirc;ncia est&aacute; programada para o Centro de Conven&ccedil;&otilde;es Ulysses Guimar&atilde;es, em Bras&iacute;lia, entre os dias 14 e 17 de dezembro.<\/p>\n<p>Ao todo, ser&atilde;o quatro pain&eacute;is no dia 15, ter&ccedil;a-feira. &Agrave;s 9h come&ccedil;a o painel internacional, com a presen&ccedil;a do deputado argentino Gustavo Granero, tamb&eacute;m secret&aacute;rio-geral da Federa&ccedil;&atilde;o Argentina dos Trabalhadores de Imprensa, representando a sociedade civil, e do norte-americano Eli Noam, professor de finan&ccedil;as e economia e diretor do Instituto de Teleinforma&ccedil;&atilde;o da Universidade de Columbia, nos EUA, para representar a sociedade civil empresarial. Para Marcelo Bechara, presidente da Comiss&atilde;o Organizadora Nacional (CON), ambos podem contribuir para o debate brasileiro. &ldquo;Convidamos os dois para que eles tragam experi&ecirc;ncias de outras realidades para o Brasil.&rdquo;<\/p>\n<p>&Agrave;s 10h30 se iniciam os tr&ecirc;s pain&eacute;is simult&acirc;neos de acordo com os eixos que norteiam a 1&ordf; Confecom: Produ&ccedil;&atilde;o de conte&uacute;do; Meios de distribui&ccedil;&atilde;o; e Cidadania: direitos e deveres. Cada painel ter&aacute; um representante indicado por cada segmento. &ldquo;S&atilde;o pessoas com profundo conhecimento da comunica&ccedil;&atilde;o&rdquo;, elogia Bechara. &ldquo;E o formato com media&ccedil;&atilde;o serve para tornar a conversa mais din&acirc;mica e estimular a interlocu&ccedil;&atilde;o entre os painelistas&rdquo;, destaca. Os pain&eacute;is contar&atilde;o com os seguintes participantes.<\/p>\n<p><em>Eixo 1:<\/em><br \/>&#8211; Sociedade civil: Murilo C&eacute;sar Ramos, professor da Universidade de Bras&iacute;lia<br \/>&#8211; Sociedade civil empresarial: Walter Vieira Ceneviva, vice-presidente executivo do Grupo Bandeirantes e jurista<br \/>&#8211; Poder p&uacute;blico: Silvio Da-Rin, Secret&aacute;rio do Audiovisual do Minist&eacute;rio da Cultura e documentarista<br \/>Mediadora: Renata Fan, jornalista<\/p>\n<p><em>Eixo 2:<\/em><br \/>&#8211; Sociedade civil: Celso Schr&ouml;der, secret&aacute;rio-geral da Fenaj<br \/>&#8211; Sociedade civil empresarial: Frederico Nogueira, vice-presidente do Grupo Bandeirantes<br \/>&#8211; Poder p&uacute;blico: Marcelo Bechara, consultor jur&iacute;dico do Minist&eacute;rio das Comunica&ccedil;&otilde;es<br \/>Mediador: Samuel Possebom, jornalista<\/p>\n<p><em>Eixo 3:<\/em><br \/>&#8211; Sociedade civil: Luiza Erundina, deputada federal<br \/>&#8211; Sociedade civil empresarial: C&eacute;sar R&ocirc;mulo Silveira Neto, superintendente-executivo da Telebrasil<br \/>&#8211; Poder p&uacute;blico: Jos&eacute; Rom&atilde;o, jurista e pesquisador e ex-diretor do Dejus\/Minist&eacute;rio da Justi&ccedil;a<br \/>Mediador: Lalo Leal, professor da USP<\/p>\n<p><strong>Abaixo, a programa&ccedil;&atilde;o completa da 1&ordf; Confecom<br \/><\/strong><br \/><em>Dia 14 de dezembro de 2009<\/em><br \/>9h &#8211; Abertura do credenciamento<br \/>17h &ndash; Plen&aacute;ria de vota&ccedil;&atilde;o do regimento interno da etapa nacional<br \/>19h &ndash; Abertura solene e homenagem a Daniel Herz<\/p>\n<p><em>Dia 15 de dezembro de 2009<\/em><br \/>9h &agrave;s 11h &ndash; Credenciamento de suplentes<br \/>9h &ndash; Painel internacional<br \/>10h30 &ndash; Pain&eacute;is simult&acirc;neos por Eixo-Tem&aacute;tico<br \/>12h &ndash; Intervalo para almo&ccedil;o<br \/>14h &ndash; Grupos de Trabalho (turno I)<br \/>19h &ndash; Jantar<\/p>\n<p><em>Dia 16 de dezembro de 2009<\/em><br \/>9h &ndash; Grupos de Trabalho (turno II)<br \/>12h &ndash; Intervalo para almo&ccedil;o<br \/>14h30 &ndash; Plen&aacute;ria final (turno I)<br \/>19h &ndash; Jantar<\/p>\n<p><em>Dia 17 de dezembro de 2009<\/em><br \/>9h &ndash; Plen&aacute;ria final (turno II)<br \/>12h &ndash; Intervalo para almo&ccedil;o<br \/>13h30 &ndash; Plen&aacute;ria final (turno III)<br \/>16h &#8211; Encerramento<\/p>\n","protected":false},"excerpt":{"rendered":"<p>[T&iacute;tulo original: Programa&ccedil;&atilde;o e pain&eacute;is da Confer&ecirc;ncia] A 1&ordf; Confer&ecirc;ncia Nacional de Comunica&ccedil;&atilde;o (1&ordf; Confecom) ter&aacute; uma programa&ccedil;&atilde;o de pain&eacute;is que dar&aacute; subs&iacute;dios aos debates dos 15 grupos de trabalho que estar&atilde;o reunidos para discutir a comunica&ccedil;&atilde;o no Brasil. A confer&ecirc;ncia est&aacute; programada para o Centro de Conven&ccedil;&otilde;es Ulysses Guimar&atilde;es, em Bras&iacute;lia, entre os dias &hellip; <a href=\"https:\/\/obscom.intervozes.org.br\/?p=23723\" class=\"more-link\">Continue lendo <span class=\"screen-reader-text\">Programa\u00e7\u00e3o da etapa nacional ter\u00e1 pain\u00e9is preparat\u00f3rios e 15 GT&#8217;s<\/span> <span class=\"meta-nav\">&rarr;<\/span><\/a><\/p>\n","protected":false},"author":1,"featured_media":0,"comment_status":"open","ping_status":"open","sticky":false,"template":"","format":"standard","meta":{"footnotes":""},"categories":[40],"tags":[1012],"_links":{"self":[{"href":"https:\/\/obscom.intervozes.org.br\/index.php?rest_route=\/wp\/v2\/posts\/23723"}],"collection":[{"href":"https:\/\/obscom.intervozes.org.br\/index.php?rest_route=\/wp\/v2\/posts"}],"about":[{"href":"https:\/\/obscom.intervozes.org.br\/index.php?rest_route=\/wp\/v2\/types\/post"}],"author":[{"embeddable":true,"href":"https:\/\/obscom.intervozes.org.br\/index.php?rest_route=\/wp\/v2\/users\/1"}],"replies":[{"embeddable":true,"href":"https:\/\/obscom.intervozes.org.br\/index.php?rest_route=%2Fwp%2Fv2%2Fcomments&post=23723"}],"version-history":[{"count":0,"href":"https:\/\/obscom.intervozes.org.br\/index.php?rest_route=\/wp\/v2\/posts\/23723\/revisions"}],"wp:attachment":[{"href":"https:\/\/obscom.intervozes.org.br\/index.php?rest_route=%2Fwp%2Fv2%2Fmedia&parent=23723"}],"wp:term":[{"taxonomy":"category","embeddable":true,"href":"https:\/\/obscom.intervozes.org.br\/index.php?rest_route=%2Fwp%2Fv2%2Fcategories&post=23723"},{"taxonomy":"post_tag","embeddable":true,"href":"https:\/\/obscom.intervozes.org.br\/index.php?rest_route=%2Fwp%2Fv2%2Ftags&post=23723"}],"curies":[{"name":"wp","href":"https:\/\/api.w.org\/{rel}","templated":true}]}}