{"id":23722,"date":"2009-12-11T16:44:58","date_gmt":"2009-12-11T16:44:58","guid":{"rendered":"https:\/\/obscom.intervozes.org.br\/wordpress\/?p=23722"},"modified":"2014-09-07T02:59:12","modified_gmt":"2014-09-07T02:59:12","slug":"entidades-da-area-da-saude-lancam-manifesto-sobre-a-confecom","status":"publish","type":"post","link":"https:\/\/obscom.intervozes.org.br\/?p=23722","title":{"rendered":"Entidades da \u00e1rea da sa\u00fade lan\u00e7am manifesto sobre a Confecom"},"content":{"rendered":"<p>   \t \t \t \t \t<!-- \t\t@page { margin: 2cm } \t\tP { margin-bottom: 0.21cm } \t--> \t  <\/p>\n<p style=\"margin-bottom: 0cm\" class=\"padrao\">A Associa&ccedil;&atilde;o Brasileira de P&oacute;s-Gradua&ccedil;&atilde;o em Sa&uacute;de Coletiva (Abrasco) e o Instituto de Comunica&ccedil;&atilde;o e Informa&ccedil;&atilde;o Cient&iacute;fica e Tecnol&oacute;gica da Funda&ccedil;&atilde;o Oswaldo Cruz (Icict\/Fiocruz) lan&ccedil;aram o &quot;Manifesto da Sa&uacute;de&quot;, documento direcionado aos delegados da 1&ordf; Confer&ecirc;ncia Nacional de Comunica&ccedil;&atilde;o (Confecom). As duas organiza&ccedil;&otilde;es apresentam o documento como &quot;sua contribui&ccedil;&atilde;o e  seu entendimento do papel estruturante da Comunica&ccedil;&atilde;o na organiza&ccedil;&atilde;o, mobiliza&ccedil;&atilde;o e  cria&ccedil;&atilde;o da consci&ecirc;ncia necess&aacute;ria &agrave;s mudan&ccedil;as que garantir&atilde;o a constru&ccedil;&atilde;o de uma  sociedade mais justa e menos desigual no pa&iacute;s&quot;. <\/p>\n<p>O manifesto foi articulado em dois eventos, um semin&aacute;rio realizado pelo Icict sobre a Confecom e a &aacute;rea da sa&uacute;de, no Rio de Janeiro, e o Congresso Brasileiro de Sa&uacute;de Coletiva, no Recife.<\/p>\n<p>As duas entidades apontam uma liga&ccedil;&atilde;o intr&iacute;nseca entre os direitos &agrave; sa&uacute;de e &agrave; comunica&ccedil;&atilde;o. Diz o texto do manifesto que &quot;o direito &agrave; sa&uacute;de inclui a constru&ccedil;&atilde;o de pol&iacute;ticas p&uacute;blicas que contribuam  para a amplia&ccedil;&atilde;o da consci&ecirc;ncia cidad&atilde;, que hoje se encontra sob risco pela  mercantiliza&ccedil;&atilde;o, de forma descontrolada e pouco respons&aacute;vel, dos espa&ccedil;os midi&aacute;ticos,  dominados por interesses econ&ocirc;micos freq&uuml;entemente dissociados do interesse p&uacute;blico&quot;. <\/p>\n<p>No documento, os pesquisadores e trabalhadores da &aacute;rea da sa&uacute;de defendem a constitui&ccedil;&atilde;o de &quot;mecanismos institucionalizados que promovam uma maior participa&ccedil;&atilde;o e controle social da m&iacute;dia&quot;. Tamb&eacute;m afirmam a necessidade de &quot;formula&ccedil;&atilde;o de um sistema nacional e p&uacute;blico de comunica&ccedil;&atilde;o que, sem excluir o setor privado, fortale&ccedil;a o car&aacute;ter p&uacute;blico desse campo&quot;.<\/p>\n<p><a href=\"http:\/\/localhost\/intervozes_direitoacomunicacao\/wordpress\/?p=18343\">Veja a &iacute;ntegra do manifesto.<\/a>  <\/p>\n","protected":false},"excerpt":{"rendered":"<p>A Associa&ccedil;&atilde;o Brasileira de P&oacute;s-Gradua&ccedil;&atilde;o em Sa&uacute;de Coletiva (Abrasco) e o Instituto de Comunica&ccedil;&atilde;o e Informa&ccedil;&atilde;o Cient&iacute;fica e Tecnol&oacute;gica da Funda&ccedil;&atilde;o Oswaldo Cruz (Icict\/Fiocruz) lan&ccedil;aram o &quot;Manifesto da Sa&uacute;de&quot;, documento direcionado aos delegados da 1&ordf; Confer&ecirc;ncia Nacional de Comunica&ccedil;&atilde;o (Confecom). As duas organiza&ccedil;&otilde;es apresentam o documento como &quot;sua contribui&ccedil;&atilde;o e seu entendimento do papel estruturante &hellip; <a href=\"https:\/\/obscom.intervozes.org.br\/?p=23722\" class=\"more-link\">Continue lendo <span class=\"screen-reader-text\">Entidades da \u00e1rea da sa\u00fade lan\u00e7am manifesto sobre a Confecom<\/span> <span class=\"meta-nav\">&rarr;<\/span><\/a><\/p>\n","protected":false},"author":1,"featured_media":0,"comment_status":"open","ping_status":"open","sticky":false,"template":"","format":"standard","meta":{"footnotes":""},"categories":[39],"tags":[],"_links":{"self":[{"href":"https:\/\/obscom.intervozes.org.br\/index.php?rest_route=\/wp\/v2\/posts\/23722"}],"collection":[{"href":"https:\/\/obscom.intervozes.org.br\/index.php?rest_route=\/wp\/v2\/posts"}],"about":[{"href":"https:\/\/obscom.intervozes.org.br\/index.php?rest_route=\/wp\/v2\/types\/post"}],"author":[{"embeddable":true,"href":"https:\/\/obscom.intervozes.org.br\/index.php?rest_route=\/wp\/v2\/users\/1"}],"replies":[{"embeddable":true,"href":"https:\/\/obscom.intervozes.org.br\/index.php?rest_route=%2Fwp%2Fv2%2Fcomments&post=23722"}],"version-history":[{"count":1,"href":"https:\/\/obscom.intervozes.org.br\/index.php?rest_route=\/wp\/v2\/posts\/23722\/revisions"}],"predecessor-version":[{"id":28071,"href":"https:\/\/obscom.intervozes.org.br\/index.php?rest_route=\/wp\/v2\/posts\/23722\/revisions\/28071"}],"wp:attachment":[{"href":"https:\/\/obscom.intervozes.org.br\/index.php?rest_route=%2Fwp%2Fv2%2Fmedia&parent=23722"}],"wp:term":[{"taxonomy":"category","embeddable":true,"href":"https:\/\/obscom.intervozes.org.br\/index.php?rest_route=%2Fwp%2Fv2%2Fcategories&post=23722"},{"taxonomy":"post_tag","embeddable":true,"href":"https:\/\/obscom.intervozes.org.br\/index.php?rest_route=%2Fwp%2Fv2%2Ftags&post=23722"}],"curies":[{"name":"wp","href":"https:\/\/api.w.org\/{rel}","templated":true}]}}