{"id":23720,"date":"2009-12-10T17:31:46","date_gmt":"2009-12-10T17:31:46","guid":{"rendered":"https:\/\/obscom.intervozes.org.br\/wordpress\/?p=23720"},"modified":"2014-09-07T02:59:11","modified_gmt":"2014-09-07T02:59:11","slug":"observatorio-faz-cobertura-especial-da-conferencia-nacional-de-comunicacao","status":"publish","type":"post","link":"https:\/\/obscom.intervozes.org.br\/?p=23720","title":{"rendered":"Observat\u00f3rio faz cobertura especial da Confer\u00eancia Nacional de Comunica\u00e7\u00e3o"},"content":{"rendered":"<p> \t<!-- \t\t@page { margin: 2cm } \t\tP { margin-bottom: 0.21cm } \t--> \t <\/p>\n<p style=\"margin-bottom: 0cm\" class=\"western\"><span class=\"padrao\">A etapa nacional da 1&ordf; Confer&ecirc;ncia Nacional de Comunica&ccedil;&atilde;o (Confecom) poder&aacute; ser acompanhada em detalhes atrav&eacute;s do <strong>Observat&oacute;rio do Direito &agrave; Comunica&ccedil;&atilde;o<\/strong>. Durante os quatro dias de debates e plen&aacute;rias, que acontecem em Bras&iacute;lia de 14 a 17 de dezembro, a equipe do site manter&aacute; um blog especialmente criado para a cobertura da Confecom. Tamb&eacute;m o microblog do <strong>Observat&oacute;rio<\/strong> no Twitter (<a href=\"http:\/\/twitter.com\/diracom\">http:\/\/twitter.com\/diracom<\/a>) estar&aacute; dedicado &agrave; registrar o desenrolar das discuss&otilde;es nos grupos de trabalho e a atua&ccedil;&atilde;o dos diferentes atores representados na confer&ecirc;ncia. <\/p>\n<p>O blog <strong>Observat&oacute;rio na Confecom<\/strong> entra no ar na tarde do dia 14 e ser&aacute; atualizado duas vezes ao dia com o notici&aacute;rio da etapa nacional. Al&eacute;m dos textos registrando e analisando os principais acontecimentos e debates do dia, o registro fotogr&aacute;fico da confer&ecirc;ncia ter&aacute; destaque no blog. A transmiss&atilde;o online ao vivo da Confecom tamb&eacute;m poder&aacute; ser acompanhada atrav&eacute;s do endere&ccedil;o <a href=\"blogconfecom\">www.direitoacomunicacao.intervozes.org.br\/blogconfecom<\/a><\/p>\n<p>Desde o in&iacute;cio das articula&ccedil;&otilde;es das organiza&ccedil;&otilde;es e movimentos sociais pela convoca&ccedil;&atilde;o da Confer&ecirc;ncia Nacional de Comunica&ccedil;&atilde;o, o <strong>Observat&oacute;rio <\/strong>tem dado destaque &agrave; esta pauta. Uma <a href=\"conferencia_nacional.php\">editoria especial <\/a>foi criada para reunir o notici&aacute;rio, entrevistas e as an&aacute;lises feitas por diversos autores ao longo de mais de dois anos.<br \/><\/span> <\/p>\n<p style=\"margin-bottom: 0cm\" class=\"padrao\">Na <a href=\"http:\/\/localhost\/intervozes_direitoacomunicacao\/wordpress\/?p=17965\"><strong>Biblioteca do Observat&oacute;rio<\/strong><\/a> , tamb&eacute;m podem ser encontrados os principais documentos oficiais relacionados &agrave; Confecom e as contribui&ccedil;&otilde;es de diversas organiza&ccedil;&otilde;es aos debates.<\/p>\n","protected":false},"excerpt":{"rendered":"<p><span class=\"padrao\">Durante a etapa nacional, de 14 a 17 de dezembro, equipe manter&aacute; blog especialmente criado para a cobertura da Confecom<\/span><\/p>\n","protected":false},"author":1,"featured_media":0,"comment_status":"open","ping_status":"open","sticky":false,"template":"","format":"standard","meta":{"footnotes":""},"categories":[40],"tags":[1184],"_links":{"self":[{"href":"https:\/\/obscom.intervozes.org.br\/index.php?rest_route=\/wp\/v2\/posts\/23720"}],"collection":[{"href":"https:\/\/obscom.intervozes.org.br\/index.php?rest_route=\/wp\/v2\/posts"}],"about":[{"href":"https:\/\/obscom.intervozes.org.br\/index.php?rest_route=\/wp\/v2\/types\/post"}],"author":[{"embeddable":true,"href":"https:\/\/obscom.intervozes.org.br\/index.php?rest_route=\/wp\/v2\/users\/1"}],"replies":[{"embeddable":true,"href":"https:\/\/obscom.intervozes.org.br\/index.php?rest_route=%2Fwp%2Fv2%2Fcomments&post=23720"}],"version-history":[{"count":1,"href":"https:\/\/obscom.intervozes.org.br\/index.php?rest_route=\/wp\/v2\/posts\/23720\/revisions"}],"predecessor-version":[{"id":28070,"href":"https:\/\/obscom.intervozes.org.br\/index.php?rest_route=\/wp\/v2\/posts\/23720\/revisions\/28070"}],"wp:attachment":[{"href":"https:\/\/obscom.intervozes.org.br\/index.php?rest_route=%2Fwp%2Fv2%2Fmedia&parent=23720"}],"wp:term":[{"taxonomy":"category","embeddable":true,"href":"https:\/\/obscom.intervozes.org.br\/index.php?rest_route=%2Fwp%2Fv2%2Fcategories&post=23720"},{"taxonomy":"post_tag","embeddable":true,"href":"https:\/\/obscom.intervozes.org.br\/index.php?rest_route=%2Fwp%2Fv2%2Ftags&post=23720"}],"curies":[{"name":"wp","href":"https:\/\/api.w.org\/{rel}","templated":true}]}}