{"id":23701,"date":"2009-12-08T13:32:00","date_gmt":"2009-12-08T13:32:00","guid":{"rendered":"https:\/\/obscom.intervozes.org.br\/wordpress\/?p=23701"},"modified":"2009-12-08T13:32:00","modified_gmt":"2009-12-08T13:32:00","slug":"helio-costa-diz-que-estado-nao-oferecera-ultima-milha","status":"publish","type":"post","link":"https:\/\/obscom.intervozes.org.br\/?p=23701","title":{"rendered":"H\u00e9lio Costa diz que Estado n\u00e3o oferecer\u00e1 \u00faltima milha"},"content":{"rendered":"<p><span class=\"padrao\"><strong>Reproduzido de Teletime News<\/strong><\/p>\n<p>O ministro das Comunica&ccedil;&otilde;es, H&eacute;lio Costa, recha&ccedil;ou a possibilidade de que o Estado dispute o acesso com as empresas de telecomunica&ccedil;&otilde;es na oferta de banda larga. Segundo o ministro, &quot;o governo n&atilde;o tem a pretens&atilde;o de ser a &uacute;ltima milha, at&eacute; porque n&atilde;o sabemos se ser&aacute; uma milha, 100 ou 200 milhas&quot;. Segundo H&eacute;lio Costa, a ideia &eacute; que o estado ofere&ccedil;a o acesso onde as empresas privadas n&atilde;o t&ecirc;m interesse e lucro. Costa fez a afirma&ccedil;&atilde;o durante o programa Roda Viva, da TV Cultura, que vai ao ar nesta segunda, dia 7. As declara&ccedil;&otilde;es foram dados quando o ministro foi questionado sobre a encomenda do presidente Lula para que se estudasse a possibilidade da oferta tamb&eacute;m de acesso ao usu&aacute;rio final. H&eacute;lio Costa tamb&eacute;m evitou dizer que ser&aacute; a Telebr&aacute;s a empresa gestora do projeto de banda larga. Ele disse que o governo &quot;est&aacute; trabalhando para ter a gest&atilde;o do empreendimento&quot;, mas ressaltou que existe um problema tribut&aacute;rio a ser tratado com os estados, respons&aacute;veis pelo ICMS. &quot;Est&aacute; na hora de discutirmos essa quest&atilde;o, sobretudo com o Confaz&quot;.<\/p>\n<p>Sobre os atritos com o minist&eacute;rio do Planejamento, H&eacute;lio Costa evitou pol&ecirc;micas e disse que n&atilde;o &eacute; dono da banda larga. &quot;Elaboramos um plano com informa&ccedil;&otilde;es fidedignas coletadas por nossos t&eacute;cnicos, pela Anatel e pelas empresas. Foi um trabalho de oito meses, n&atilde;o de tr&ecirc;s semanas.<\/p>\n<p>(<em>Da Reda&ccedil;&atilde;o<\/em>)<\/span><\/p>\n","protected":false},"excerpt":{"rendered":"<p>Reproduzido de Teletime News O ministro das Comunica&ccedil;&otilde;es, H&eacute;lio Costa, recha&ccedil;ou a possibilidade de que o Estado dispute o acesso com as empresas de telecomunica&ccedil;&otilde;es na oferta de banda larga. Segundo o ministro, &quot;o governo n&atilde;o tem a pretens&atilde;o de ser a &uacute;ltima milha, at&eacute; porque n&atilde;o sabemos se ser&aacute; uma milha, 100 ou 200 &hellip; <a href=\"https:\/\/obscom.intervozes.org.br\/?p=23701\" class=\"more-link\">Continue lendo <span class=\"screen-reader-text\">H\u00e9lio Costa diz que Estado n\u00e3o oferecer\u00e1 \u00faltima milha<\/span> <span class=\"meta-nav\">&rarr;<\/span><\/a><\/p>\n","protected":false},"author":1,"featured_media":0,"comment_status":"open","ping_status":"open","sticky":false,"template":"","format":"standard","meta":{"footnotes":""},"categories":[39],"tags":[],"_links":{"self":[{"href":"https:\/\/obscom.intervozes.org.br\/index.php?rest_route=\/wp\/v2\/posts\/23701"}],"collection":[{"href":"https:\/\/obscom.intervozes.org.br\/index.php?rest_route=\/wp\/v2\/posts"}],"about":[{"href":"https:\/\/obscom.intervozes.org.br\/index.php?rest_route=\/wp\/v2\/types\/post"}],"author":[{"embeddable":true,"href":"https:\/\/obscom.intervozes.org.br\/index.php?rest_route=\/wp\/v2\/users\/1"}],"replies":[{"embeddable":true,"href":"https:\/\/obscom.intervozes.org.br\/index.php?rest_route=%2Fwp%2Fv2%2Fcomments&post=23701"}],"version-history":[{"count":0,"href":"https:\/\/obscom.intervozes.org.br\/index.php?rest_route=\/wp\/v2\/posts\/23701\/revisions"}],"wp:attachment":[{"href":"https:\/\/obscom.intervozes.org.br\/index.php?rest_route=%2Fwp%2Fv2%2Fmedia&parent=23701"}],"wp:term":[{"taxonomy":"category","embeddable":true,"href":"https:\/\/obscom.intervozes.org.br\/index.php?rest_route=%2Fwp%2Fv2%2Fcategories&post=23701"},{"taxonomy":"post_tag","embeddable":true,"href":"https:\/\/obscom.intervozes.org.br\/index.php?rest_route=%2Fwp%2Fv2%2Ftags&post=23701"}],"curies":[{"name":"wp","href":"https:\/\/api.w.org\/{rel}","templated":true}]}}