{"id":23698,"date":"2009-12-08T13:21:02","date_gmt":"2009-12-08T13:21:02","guid":{"rendered":"https:\/\/obscom.intervozes.org.br\/wordpress\/?p=23698"},"modified":"2009-12-08T13:21:02","modified_gmt":"2009-12-08T13:21:02","slug":"minc-e-tv-brasil-lancam-editais-para-producao-audiovisual","status":"publish","type":"post","link":"https:\/\/obscom.intervozes.org.br\/?p=23698","title":{"rendered":"Minc e TV Brasil lan\u00e7am editais para produ\u00e7\u00e3o audiovisual"},"content":{"rendered":"<p><span class=\"padrao\"><strong>Reproduzido da Tela Viva News<\/strong><\/p>\n<p>O Minist&eacute;rio da Cultura, por meio da Secretaria do Audiovisual, e a Empresa Brasil de Comunica&ccedil;&atilde;o lan&ccedil;am no dia 9 de dezembro tr&ecirc;s editais voltados para a produ&ccedil;&atilde;o de conte&uacute;do audiovisual, dos programas Curta Crian&ccedil;a, Document&aacute;rio Bras&iacute;lia 50 anos e Longa Doc. A cerim&ocirc;nia de lan&ccedil;amento acontece no Rio de Janeiro.<\/p>\n<p>O Curta Crian&ccedil;a seleciona 13 projetos, que receber&atilde;o pr&ecirc;mio de R$ 70 mil e prazo de 240 dias para realiza&ccedil;&atilde;o. O Bras&iacute;lia 50 anos &eacute; voltado para a sele&ccedil;&atilde;o de um projeto de document&aacute;rio de longa-metragem sobre o cinquenten&aacute;rio da capital federal. O pr&ecirc;mio &eacute; de R$ 400 mil.<\/p>\n<p>H&aacute; ainda um edital para a sele&ccedil;&atilde;o de cinco projetos de longa metragem, o Longa Doc, que receber&atilde;o pr&ecirc;mio no valor de R$ 600 mil cada. O prazo para produ&ccedil;&atilde;o ser&aacute; de 300 dias. <\/p>\n<p>(<em>Da Reda&ccedil;&atilde;o<\/em>)<\/span><\/p>\n","protected":false},"excerpt":{"rendered":"<p>Reproduzido da Tela Viva News O Minist&eacute;rio da Cultura, por meio da Secretaria do Audiovisual, e a Empresa Brasil de Comunica&ccedil;&atilde;o lan&ccedil;am no dia 9 de dezembro tr&ecirc;s editais voltados para a produ&ccedil;&atilde;o de conte&uacute;do audiovisual, dos programas Curta Crian&ccedil;a, Document&aacute;rio Bras&iacute;lia 50 anos e Longa Doc. A cerim&ocirc;nia de lan&ccedil;amento acontece no Rio de &hellip; <a href=\"https:\/\/obscom.intervozes.org.br\/?p=23698\" class=\"more-link\">Continue lendo <span class=\"screen-reader-text\">Minc e TV Brasil lan\u00e7am editais para produ\u00e7\u00e3o audiovisual<\/span> <span class=\"meta-nav\">&rarr;<\/span><\/a><\/p>\n","protected":false},"author":1,"featured_media":0,"comment_status":"open","ping_status":"open","sticky":false,"template":"","format":"standard","meta":{"footnotes":""},"categories":[39],"tags":[],"_links":{"self":[{"href":"https:\/\/obscom.intervozes.org.br\/index.php?rest_route=\/wp\/v2\/posts\/23698"}],"collection":[{"href":"https:\/\/obscom.intervozes.org.br\/index.php?rest_route=\/wp\/v2\/posts"}],"about":[{"href":"https:\/\/obscom.intervozes.org.br\/index.php?rest_route=\/wp\/v2\/types\/post"}],"author":[{"embeddable":true,"href":"https:\/\/obscom.intervozes.org.br\/index.php?rest_route=\/wp\/v2\/users\/1"}],"replies":[{"embeddable":true,"href":"https:\/\/obscom.intervozes.org.br\/index.php?rest_route=%2Fwp%2Fv2%2Fcomments&post=23698"}],"version-history":[{"count":0,"href":"https:\/\/obscom.intervozes.org.br\/index.php?rest_route=\/wp\/v2\/posts\/23698\/revisions"}],"wp:attachment":[{"href":"https:\/\/obscom.intervozes.org.br\/index.php?rest_route=%2Fwp%2Fv2%2Fmedia&parent=23698"}],"wp:term":[{"taxonomy":"category","embeddable":true,"href":"https:\/\/obscom.intervozes.org.br\/index.php?rest_route=%2Fwp%2Fv2%2Fcategories&post=23698"},{"taxonomy":"post_tag","embeddable":true,"href":"https:\/\/obscom.intervozes.org.br\/index.php?rest_route=%2Fwp%2Fv2%2Ftags&post=23698"}],"curies":[{"name":"wp","href":"https:\/\/api.w.org\/{rel}","templated":true}]}}