{"id":23690,"date":"2009-12-07T11:34:04","date_gmt":"2009-12-07T11:34:04","guid":{"rendered":"https:\/\/obscom.intervozes.org.br\/wordpress\/?p=23690"},"modified":"2009-12-07T11:34:04","modified_gmt":"2009-12-07T11:34:04","slug":"mulheres-serao-40-do-total-da-delegacao-da-sociedade-civil-a-confecom","status":"publish","type":"post","link":"https:\/\/obscom.intervozes.org.br\/?p=23690","title":{"rendered":"Mulheres ser\u00e3o 40% do total da delega\u00e7\u00e3o da sociedade civil \u00e0 Confecom"},"content":{"rendered":"<p><span class=\"padrao\">O esfor&ccedil;o do movimento feminista em diferentes estados brasileiros levou a um resultado interessante em termos da composi&ccedil;&atilde;o da delega&ccedil;&atilde;o da sociedade civil na etapa nacional da Confer&ecirc;ncia de Comunica&ccedil;&atilde;o. Dos 632 delegados\/as eleitos\/as nos estados, 255 &ndash; ou seja, 40,35% &#8211; ser&atilde;o mulheres. Garantir uma representa&ccedil;&atilde;o na Confecom n&atilde;o muito distante do total de mulheres na sociedade brasileira &ndash; mais de 51% &#8211; n&atilde;o foi, no entanto, tarefa f&aacute;cil.<\/p>\n<p>H&aacute; muitos anos o movimento feminista participa da luta pela democratiza&ccedil;&atilde;o das comunica&ccedil;&otilde;es em nosso pa&iacute;s. No entanto, as principais lideran&ccedil;as da sociedade civil nesta &aacute;rea ainda s&atilde;o homens. Basta olhar para a representa&ccedil;&atilde;o da sociedade civil na Comiss&atilde;o Organizadora Nacional. De sete titulares, somente duas s&atilde;o mulheres.<\/p>\n<p>&ldquo;As confer&ecirc;ncias t&ecirc;m um papel primordial de fazer com que a sociedade civil organizada, atrav&eacute;s das entidades ou n&atilde;o, se aproprie de debates que outrora eram somente exercidos por aqueles detentores do saber. Avan&ccedil;os aconteceram, mas a todo momento os movimentos sociais &ndash; feministas, de mulheres, de promo&ccedil;&atilde;o da igualdade racial, LGBTT, de pessoas com defici&ecirc;ncia, de comunidades tradicionais, juventude, geracional, etc &ndash; v&ecirc;m a p&uacute;blico relembrar que, em todo o processo de confer&ecirc;ncias, semin&aacute;rios, encontros p&uacute;blicos, privados e partid&aacute;rios &eacute; importante que sua composi&ccedil;&atilde;o tenha um olhar diferenciado nas delega&ccedil;&otilde;es para a quest&atilde;o de cotas para as mulheres, negros, gays, l&eacute;sbicas e demais grupos vulner&aacute;veis&rdquo;, explica Sandra Mariano, da Conen (Coordena&ccedil;&atilde;o Nacional de Entidades Negras).<\/p>\n<p>Para inverter este jogo no conjunto da delega&ccedil;&atilde;o que ir&aacute; a Bras&iacute;lia nos dias 14 a 17\/12, o movimento feminista se organizou. As mulheres foram destaque de participa&ccedil;&atilde;o em muitas comiss&otilde;es organizadoras estaduais, e mostraram, ao longo do processo, que o movimento tem propostas concretas para transformar as comunica&ccedil;&otilde;es no pa&iacute;s. Foram diversas as confer&ecirc;ncias livres organizadas pelas mulheres, assim como semin&aacute;rios e debates preparat&oacute;rios. Uma plataforma de propostas est&aacute; sendo elaborada pela Rede Mulher e M&iacute;dia para ser apresentada na etapa nacional.<\/p>\n<p>&ldquo;O processo foi bastante horizontal, pois queremos acabar com as verticalidades. E as mulheres trabalharam pra caramba. Ali&aacute;s, continuam trabalhando&rdquo;, afirma Terezinha Vicente Ferreira, da Articula&ccedil;&atilde;o Mulher e M&iacute;dia.<\/p>\n<p>Assim, ocupando um espa&ccedil;o pra l&aacute; de disputado &ndash; em fun&ccedil;&atilde;o do baixo n&uacute;mero de delegados\/as para a sociedade civil na Confecom &ndash; as mulheres conseguiram ultrapassar 40% do total, compensando resultados estaduais que praticamente desconsideraram a quest&atilde;o de g&ecirc;nero na composi&ccedil;&atilde;o de suas delega&ccedil;&otilde;es. Apesar do indicativo aprovado na &uacute;ltima plen&aacute;ria da Comiss&atilde;o Nacional Pr&oacute;-Confer&ecirc;ncia com as comiss&otilde;es estaduais de que as delega&ccedil;&otilde;es buscariam uma composi&ccedil;&atilde;o equilibrada entre homens e mulheres, o processo eleitoral de alguns estados ignorou essa quest&atilde;o.<\/p>\n<p>&Eacute; o que se nota no resultado da elei&ccedil;&atilde;o de Sergipe, por exemplo, em que 90% da delega&ccedil;&atilde;o &eacute; de homens. No Amazonas e no Maranh&atilde;o, 80% dos representantes da sociedade civil na Confecom ser&atilde;o do sexto masculino. No Esp&iacute;rito Santo, Minas Gerais e Piau&iacute;, 75%. No Mato Grosso, Rio Grande do Norte e Tocantins, 70%. Em Pernambuco e em Santa Catarina, 65%.<\/p>\n<p>&ldquo;Isto gerar&aacute; um desequil&iacute;brio na hora de discutirmos as propostas [do eixo de comunica&ccedil;&atilde;o] t&atilde;o bem discutidas e consolidadas no 2&ordm; Plano Nacional de Pol&iacute;ticas para as Mulheres&rdquo;, avalia Sandra Mariano.<\/p>\n<p>A composi&ccedil;&atilde;o passa a ser mais equilibrada em estados cuja representa&ccedil;&atilde;o das mulheres obteve no m&iacute;nimo 40%: Acre, Amap&aacute;, Bahia, Cear&aacute;, Mato Grosso do Sul, Para&iacute;ba, Rio de Janeiro, Rio Grande do Sul, Rond&ocirc;nia e Roraima. A igualdade se concretiza em Alagoas, Goi&aacute;s, Par&aacute; e no Distrito Federal, que elegeram metade de mulheres na delega&ccedil;&atilde;o.<\/p>\n<p>O destaque fica, no entanto, para Paran&aacute; e S&atilde;o Paulo. Os dois estados elegeram 60% de mulheres para representar a sociedade civil na Confecom, fruto de um trabalho intenso dessas militantes &ndash; que em S&atilde;o Paulo, por exemplo, foram exemplo de constru&ccedil;&atilde;o coletiva na organiza&ccedil;&atilde;o da etapa estadual &ndash; e que agora promete trazer novos bons resultados pra comunica&ccedil;&atilde;o brasileira.<\/p>\n<p>&ldquo;O andamento do processo em SP foi amplamente democr&aacute;tico, tudo discutido na comiss&atilde;o paulista pr&oacute;-confer&ecirc;ncia, e todas as tarefas foram realizadas por n&oacute;s &#8211; lembrem-se que n&atilde;o tivemos recurso algum nacional ou estadual&rdquo;, conta Terezinha. &ldquo;Sindicalistas, feministas, de religi&atilde;o de matriz africana, jornalistas, radialistas, negras, l&eacute;sbicas, enfim o espa&ccedil;o &eacute; pequeno para demonstrar a pluralidade da nossa delega&ccedil;&atilde;o, que foi tirada por um processo democr&aacute;tico sem disputa de chapas&rdquo;, relata Sandra.<\/span><\/p>\n","protected":false},"excerpt":{"rendered":"<p>O esfor&ccedil;o do movimento feminista em diferentes estados brasileiros levou a um resultado interessante em termos da composi&ccedil;&atilde;o da delega&ccedil;&atilde;o da sociedade civil na etapa nacional da Confer&ecirc;ncia de Comunica&ccedil;&atilde;o. Dos 632 delegados\/as eleitos\/as nos estados, 255 &ndash; ou seja, 40,35% &#8211; ser&atilde;o mulheres. Garantir uma representa&ccedil;&atilde;o na Confecom n&atilde;o muito distante do total de &hellip; <a href=\"https:\/\/obscom.intervozes.org.br\/?p=23690\" class=\"more-link\">Continue lendo <span class=\"screen-reader-text\">Mulheres ser\u00e3o 40% do total da delega\u00e7\u00e3o da sociedade civil \u00e0 Confecom<\/span> <span class=\"meta-nav\">&rarr;<\/span><\/a><\/p>\n","protected":false},"author":1,"featured_media":0,"comment_status":"open","ping_status":"open","sticky":false,"template":"","format":"standard","meta":{"footnotes":""},"categories":[40],"tags":[1012],"_links":{"self":[{"href":"https:\/\/obscom.intervozes.org.br\/index.php?rest_route=\/wp\/v2\/posts\/23690"}],"collection":[{"href":"https:\/\/obscom.intervozes.org.br\/index.php?rest_route=\/wp\/v2\/posts"}],"about":[{"href":"https:\/\/obscom.intervozes.org.br\/index.php?rest_route=\/wp\/v2\/types\/post"}],"author":[{"embeddable":true,"href":"https:\/\/obscom.intervozes.org.br\/index.php?rest_route=\/wp\/v2\/users\/1"}],"replies":[{"embeddable":true,"href":"https:\/\/obscom.intervozes.org.br\/index.php?rest_route=%2Fwp%2Fv2%2Fcomments&post=23690"}],"version-history":[{"count":0,"href":"https:\/\/obscom.intervozes.org.br\/index.php?rest_route=\/wp\/v2\/posts\/23690\/revisions"}],"wp:attachment":[{"href":"https:\/\/obscom.intervozes.org.br\/index.php?rest_route=%2Fwp%2Fv2%2Fmedia&parent=23690"}],"wp:term":[{"taxonomy":"category","embeddable":true,"href":"https:\/\/obscom.intervozes.org.br\/index.php?rest_route=%2Fwp%2Fv2%2Fcategories&post=23690"},{"taxonomy":"post_tag","embeddable":true,"href":"https:\/\/obscom.intervozes.org.br\/index.php?rest_route=%2Fwp%2Fv2%2Ftags&post=23690"}],"curies":[{"name":"wp","href":"https:\/\/api.w.org\/{rel}","templated":true}]}}