{"id":23689,"date":"2009-12-07T11:14:05","date_gmt":"2009-12-07T11:14:05","guid":{"rendered":"https:\/\/obscom.intervozes.org.br\/wordpress\/?p=23689"},"modified":"2009-12-07T11:14:05","modified_gmt":"2009-12-07T11:14:05","slug":"ministro-das-comunicacoes-sera-sabatinado-no-programa-roda-viva-da-tv-cultura","status":"publish","type":"post","link":"https:\/\/obscom.intervozes.org.br\/?p=23689","title":{"rendered":"Ministro das Comunica\u00e7\u00f5es ser\u00e1 sabatinado no programa &#8220;Roda Viva&#8221;, da TV Cultura"},"content":{"rendered":"<p><span class=\"padrao\">O ministro das Comunica&ccedil;&otilde;es, H&eacute;lio Costa, ser&aacute; entrevistado no &quot;Roda Viva&quot; na pr&oacute;xima segunda-feira (7). Com apresenta&ccedil;&atilde;o de Her&oacute;doto Barbeiro, o programa ser&aacute; transmitido ao vivo pela IPTV Cultura-, a partir das 18h30, e exibido pela TV Cultura, &agrave;s 22h, sem qualquer corte ou edi&ccedil;&atilde;o. <\/p>\n<p>A primeira Confer&ecirc;ncia Nacional de Comunica&ccedil;&atilde;o ser&aacute; realizada entre os dias 14 e 17, em Bras&iacute;lia, e ter&aacute; como respons&aacute;vel o ministro H&eacute;lio Costa. Nesse evento, milhares de delegados de todo o pa&iacute;s, representando a sociedade civil e o poder p&uacute;blico, ir&atilde;o propor ao governo federal as bases de um marco regulat&oacute;rio para o setor de comunica&ccedil;&atilde;o no pa&iacute;s.<\/p>\n<p>Durante a entrevista ao &quot;Roda Viva&quot;. o ministro deve falar sobre diversos assuntos ligados &agrave; sua pasta, incluindo aqueles que causam pol&ecirc;mica, como concess&atilde;o de r&aacute;dio e tev&ecirc;, de acesso &agrave; internet de banda larga e de telefonia. Tamb&eacute;m devem ser abordados temas como pol&iacute;tica nacional de comunica&ccedil;&atilde;o, quem pode ou n&atilde;o ser propriet&aacute;rio de uma emissora e quais as obriga&ccedil;&otilde;es e os direitos que est&atilde;o envolvidos.<\/p>\n<p>A bancada de entrevistadores ser&aacute; formada por Nelson Hoineff (presidente do Instituto de Estudos de Televis&atilde;o), Andr&eacute; Mermelstein (editor das revistas Tela Viva e Teletime), Renato Cruz (rep&oacute;rter do jornal O Estado de S. Paulo) e Elvira Lobato (rep&oacute;rter especial da Folha de S.Paulo).&nbsp; <\/span><\/p>\n","protected":false},"excerpt":{"rendered":"<p>O ministro das Comunica&ccedil;&otilde;es, H&eacute;lio Costa, ser&aacute; entrevistado no &quot;Roda Viva&quot; na pr&oacute;xima segunda-feira (7). Com apresenta&ccedil;&atilde;o de Her&oacute;doto Barbeiro, o programa ser&aacute; transmitido ao vivo pela IPTV Cultura-, a partir das 18h30, e exibido pela TV Cultura, &agrave;s 22h, sem qualquer corte ou edi&ccedil;&atilde;o. A primeira Confer&ecirc;ncia Nacional de Comunica&ccedil;&atilde;o ser&aacute; realizada entre os &hellip; <a href=\"https:\/\/obscom.intervozes.org.br\/?p=23689\" class=\"more-link\">Continue lendo <span class=\"screen-reader-text\">Ministro das Comunica\u00e7\u00f5es ser\u00e1 sabatinado no programa &#8220;Roda Viva&#8221;, da TV Cultura<\/span> <span class=\"meta-nav\">&rarr;<\/span><\/a><\/p>\n","protected":false},"author":1,"featured_media":0,"comment_status":"open","ping_status":"open","sticky":false,"template":"","format":"standard","meta":{"footnotes":""},"categories":[40],"tags":[652],"_links":{"self":[{"href":"https:\/\/obscom.intervozes.org.br\/index.php?rest_route=\/wp\/v2\/posts\/23689"}],"collection":[{"href":"https:\/\/obscom.intervozes.org.br\/index.php?rest_route=\/wp\/v2\/posts"}],"about":[{"href":"https:\/\/obscom.intervozes.org.br\/index.php?rest_route=\/wp\/v2\/types\/post"}],"author":[{"embeddable":true,"href":"https:\/\/obscom.intervozes.org.br\/index.php?rest_route=\/wp\/v2\/users\/1"}],"replies":[{"embeddable":true,"href":"https:\/\/obscom.intervozes.org.br\/index.php?rest_route=%2Fwp%2Fv2%2Fcomments&post=23689"}],"version-history":[{"count":0,"href":"https:\/\/obscom.intervozes.org.br\/index.php?rest_route=\/wp\/v2\/posts\/23689\/revisions"}],"wp:attachment":[{"href":"https:\/\/obscom.intervozes.org.br\/index.php?rest_route=%2Fwp%2Fv2%2Fmedia&parent=23689"}],"wp:term":[{"taxonomy":"category","embeddable":true,"href":"https:\/\/obscom.intervozes.org.br\/index.php?rest_route=%2Fwp%2Fv2%2Fcategories&post=23689"},{"taxonomy":"post_tag","embeddable":true,"href":"https:\/\/obscom.intervozes.org.br\/index.php?rest_route=%2Fwp%2Fv2%2Ftags&post=23689"}],"curies":[{"name":"wp","href":"https:\/\/api.w.org\/{rel}","templated":true}]}}