{"id":23683,"date":"2009-12-06T10:20:19","date_gmt":"2009-12-06T10:20:19","guid":{"rendered":"https:\/\/obscom.intervozes.org.br\/wordpress\/?p=23683"},"modified":"2009-12-06T10:20:19","modified_gmt":"2009-12-06T10:20:19","slug":"inscricao-de-observadores-e-tumultuada","status":"publish","type":"post","link":"https:\/\/obscom.intervozes.org.br\/?p=23683","title":{"rendered":"Inscri\u00e7\u00e3o de observadores \u00e9 tumultuada"},"content":{"rendered":"<p> \t<!-- \t\t@page { margin: 2cm } \t\tP { margin-bottom: 0.21cm } \t--> <\/p>\n<p style=\"margin-bottom: 0cm\" class=\"padrao\">A forma como foi organizada o sistema de inscri&ccedil;&otilde;es para os interessados em participar da Confer&ecirc;ncia Nacional de Comunica&ccedil;&atilde;o (Confecom) como observadores recebeu cr&iacute;ticas de dezenas de pessoas que tentaram se inscrever, bem como de diversas entidades que participam do processo da Confecom. O interesse foi bem maior do que o n&uacute;mero de vagas dispon&iacute;veis &ndash; apenas 130, por decis&atilde;o da Comiss&atilde;o Organizadora Nacional. Muitas pessoas acessaram o site no dia (3) e hor&aacute;rio anunciado (12h), mas sequer descobriram o link para o servi&ccedil;o. O Minist&eacute;rio das Comunica&ccedil;&otilde;es (Minicom), por&eacute;m, n&atilde;o planeja abrir mais vagas, para al&eacute;m das que foram disponibilizadas.<\/p>\n<p>De acordo com informa&ccedil;&otilde;es do Minicom, das pessoas que conseguiram se inscrever, oito n&atilde;o foram validadas porque, segundo a Funda&ccedil;&atilde;o Get&uacute;lio Vargas, organizadora do processo, os dados fornecidos por elas eram inconsistentes. Com isso, o governo vai disponibilizar essas vagas remanescentes a partir do meio-dia (12h, hor&aacute;rio de Bras&iacute;lia) de segunda-feira (7). Elas poder&atilde;o ser feitas no site oficial da Confecom (www.confecom.com.br). A lista dos 122 j&aacute; inscritos est&aacute; no site do minist&eacute;rio (<a href=\"http:\/\/www.mc.gov.br\/confecom-reabre-inscricoes-para-observadores-livres\">http:\/\/www.mc.gov.br\/confecom-reabre-inscricoes-para-observadores-livres<\/a>).<\/p>\n<p>Uma das reclama&ccedil;&otilde;es dos interessados &eacute; que o per&iacute;odo de inscri&ccedil;&atilde;o n&atilde;o iniciou no hor&aacute;rio divulgado anteriormente, ao meio-dia. Segundo registro do site especializado <em>TeleTime<\/em>, por quest&otilde;es t&eacute;cnicas, o formul&aacute;rio s&oacute; foi liberado &agrave;s 12h23. O Minicom informou que as vagas foram preenchidas em dez minutos.<\/p>\n<p>Al&eacute;m disso, a forma como o link foi publicado na p&aacute;gina oficial da Confecom confundiu algumas pessoas. A jornalista e pesquisadora do Laborat&oacute;rio de Pol&iacute;ticas de Comunica&ccedil;&atilde;o da UnB (LaPCom), Lara Haje, diz que o link n&atilde;o estava vis&iacute;vel de forma clara. Apareceram, segundo ela, apenas umas figuras de olhos dentro de um banner na home-page, dificultando o entendimento imediato dos que navegavam no site. &ldquo;Era quase um enigma&rdquo;, relata Lara.<\/p>\n<p>&ldquo;Nem consegui ver na p&aacute;gina&rdquo;, diz a jornalista Leonor Costa. Para ela, que participa da Comiss&atilde;o Pr&oacute;-Confer&ecirc;ncia do Distrito Federal, seria importante alguma medida para aumentar as vagas de observadores, sem prejudicar os que j&aacute; conseguiram se inscrever. &ldquo;Cento e trinta &eacute; muito pouco levando em conta que v&aacute;rias pessoas que participaram nos estados n&atilde;o conseguiram se eleger delegados&rdquo;, avalia. At&eacute; quem conseguiu se inscrever, caso de Lara, concorda que o processo poderia ter sido melhor e defende a abertura de novas vagas: &ldquo;Se houver espa&ccedil;o para acomodar, mesmo no ch&atilde;o, tem que abrir.&rdquo;<\/p>\n<p>A participa&ccedil;&atilde;o de observadores torna o processo mais transparente. Na Confecom, ser&atilde;o 350. Al&eacute;m dos 130 &ldquo;observadores livres&rdquo; inscritos pela internet, outros 220 ser&atilde;o escolhidos pelas entidades dos tr&ecirc;s segmentos (sociedade civil empresarial, n&atilde;o-empresarial e governo) que fazem parte da Comiss&atilde;o Organizadora Nacional. Entre esses, est&atilde;o os observadores internacionais. Diferente dos delegados, os observadores n&atilde;o podem votar. Tamb&eacute;m s&oacute; ter&atilde;o direito &agrave; voz nos grupos de trabalho.<\/p>\n","protected":false},"excerpt":{"rendered":"<p>Link &#39;escondido&#39; e atraso no in&iacute;cio das inscri&ccedil;&otilde;es via internet atrapalharam quem tentou se inscrever; procura foi muitas vezes superior &agrave;s 130 vagas abertas<\/p>\n","protected":false},"author":1,"featured_media":0,"comment_status":"open","ping_status":"open","sticky":false,"template":"","format":"standard","meta":{"footnotes":""},"categories":[40],"tags":[1012],"_links":{"self":[{"href":"https:\/\/obscom.intervozes.org.br\/index.php?rest_route=\/wp\/v2\/posts\/23683"}],"collection":[{"href":"https:\/\/obscom.intervozes.org.br\/index.php?rest_route=\/wp\/v2\/posts"}],"about":[{"href":"https:\/\/obscom.intervozes.org.br\/index.php?rest_route=\/wp\/v2\/types\/post"}],"author":[{"embeddable":true,"href":"https:\/\/obscom.intervozes.org.br\/index.php?rest_route=\/wp\/v2\/users\/1"}],"replies":[{"embeddable":true,"href":"https:\/\/obscom.intervozes.org.br\/index.php?rest_route=%2Fwp%2Fv2%2Fcomments&post=23683"}],"version-history":[{"count":0,"href":"https:\/\/obscom.intervozes.org.br\/index.php?rest_route=\/wp\/v2\/posts\/23683\/revisions"}],"wp:attachment":[{"href":"https:\/\/obscom.intervozes.org.br\/index.php?rest_route=%2Fwp%2Fv2%2Fmedia&parent=23683"}],"wp:term":[{"taxonomy":"category","embeddable":true,"href":"https:\/\/obscom.intervozes.org.br\/index.php?rest_route=%2Fwp%2Fv2%2Fcategories&post=23683"},{"taxonomy":"post_tag","embeddable":true,"href":"https:\/\/obscom.intervozes.org.br\/index.php?rest_route=%2Fwp%2Fv2%2Ftags&post=23683"}],"curies":[{"name":"wp","href":"https:\/\/api.w.org\/{rel}","templated":true}]}}