{"id":23673,"date":"2009-12-02T14:06:29","date_gmt":"2009-12-02T14:06:29","guid":{"rendered":"https:\/\/obscom.intervozes.org.br\/wordpress\/?p=23673"},"modified":"2009-12-02T14:06:29","modified_gmt":"2009-12-02T14:06:29","slug":"resultados-da-conferencia-de-comunicacao-sao-tema-de-audiencia-publica-em-niteroi","status":"publish","type":"post","link":"https:\/\/obscom.intervozes.org.br\/?p=23673","title":{"rendered":"Resultados da confer\u00eancia de comunica\u00e7\u00e3o s\u00e3o tema de audi\u00eancia p\u00fablica em Niter\u00f3i"},"content":{"rendered":"<p>   \t \t \t \t \t<!-- \t\t@page { margin: 2cm } \t\tP { margin-bottom: 0.21cm } \t--> \t  <\/p>\n<p style=\"margin-bottom: 0cm; page-break-before: always\" class=\"padrao\"> Na pr&oacute;xima ter&ccedil;a-feira, dia 8 de dezembro, &agrave;s 19h, a C&acirc;mara deVereadores de Niter&oacute;i promover&aacute; audi&ecirc;ncia p&uacute;blica para discutir as propostas de pol&iacute;ticas locais aprovadas na Confer&ecirc;ncia Municipal de Comunica&ccedil;&atilde;o Social. No rol de propostas, est&atilde;o a cria&ccedil;&atilde;o do Conselho Municipal de Comunica&ccedil;&atilde;o e a implementa&ccedil;&atilde;o do Fundo Municipal de Comunica&ccedil;&atilde;o Social.<\/p>\n<p>Confer&ecirc;ncia de Comunica&ccedil;&atilde;o de Niter&oacute;i, realizada em agosto na Universidade Federal Fluminense (UFF), contou com a participa&ccedil;&atilde;o de mais de 200 pessoas, entre representantes da Prefeitura, da C&acirc;mara dosVereadores, empresas jornal&iacute;sticas, provedores de internet, sindicatos de trabalhadores, universidades, associa&ccedil;&otilde;es de moradores, diret&oacute;rios acad&ecirc;micos e diversas outras institui&ccedil;&otilde;es da sociedade civil. Apoio a r&aacute;dios e TVs comunit&aacute;rias, novos crit&eacute;rios para distribui&ccedil;&atilde;o de verbas p&uacute;blicas, reformula&ccedil;&atilde;o da TV C&acirc;mara, abrindo espa&ccedil;o para os movimentos sociais, s&atilde;o outros pontos aprovados na Confer&ecirc;ncia. Agora, todos ser&atilde;o levados aos vereadores da cidade para an&aacute;lise, com o objetivo de transform&aacute;-los em leis municipais.<\/p>\n","protected":false},"excerpt":{"rendered":"<p>Na pr&oacute;xima ter&ccedil;a-feira, dia 8 de dezembro, &agrave;s 19h, a C&acirc;mara deVereadores de Niter&oacute;i promover&aacute; audi&ecirc;ncia p&uacute;blica para discutir as propostas de pol&iacute;ticas locais aprovadas na Confer&ecirc;ncia Municipal de Comunica&ccedil;&atilde;o Social. No rol de propostas, est&atilde;o a cria&ccedil;&atilde;o do Conselho Municipal de Comunica&ccedil;&atilde;o e a implementa&ccedil;&atilde;o do Fundo Municipal de Comunica&ccedil;&atilde;o Social. Confer&ecirc;ncia de Comunica&ccedil;&atilde;o &hellip; <a href=\"https:\/\/obscom.intervozes.org.br\/?p=23673\" class=\"more-link\">Continue lendo <span class=\"screen-reader-text\">Resultados da confer\u00eancia de comunica\u00e7\u00e3o s\u00e3o tema de audi\u00eancia p\u00fablica em Niter\u00f3i<\/span> <span class=\"meta-nav\">&rarr;<\/span><\/a><\/p>\n","protected":false},"author":1,"featured_media":0,"comment_status":"open","ping_status":"open","sticky":false,"template":"","format":"standard","meta":{"footnotes":""},"categories":[39],"tags":[],"_links":{"self":[{"href":"https:\/\/obscom.intervozes.org.br\/index.php?rest_route=\/wp\/v2\/posts\/23673"}],"collection":[{"href":"https:\/\/obscom.intervozes.org.br\/index.php?rest_route=\/wp\/v2\/posts"}],"about":[{"href":"https:\/\/obscom.intervozes.org.br\/index.php?rest_route=\/wp\/v2\/types\/post"}],"author":[{"embeddable":true,"href":"https:\/\/obscom.intervozes.org.br\/index.php?rest_route=\/wp\/v2\/users\/1"}],"replies":[{"embeddable":true,"href":"https:\/\/obscom.intervozes.org.br\/index.php?rest_route=%2Fwp%2Fv2%2Fcomments&post=23673"}],"version-history":[{"count":0,"href":"https:\/\/obscom.intervozes.org.br\/index.php?rest_route=\/wp\/v2\/posts\/23673\/revisions"}],"wp:attachment":[{"href":"https:\/\/obscom.intervozes.org.br\/index.php?rest_route=%2Fwp%2Fv2%2Fmedia&parent=23673"}],"wp:term":[{"taxonomy":"category","embeddable":true,"href":"https:\/\/obscom.intervozes.org.br\/index.php?rest_route=%2Fwp%2Fv2%2Fcategories&post=23673"},{"taxonomy":"post_tag","embeddable":true,"href":"https:\/\/obscom.intervozes.org.br\/index.php?rest_route=%2Fwp%2Fv2%2Ftags&post=23673"}],"curies":[{"name":"wp","href":"https:\/\/api.w.org\/{rel}","templated":true}]}}