{"id":23657,"date":"2009-11-30T10:46:27","date_gmt":"2009-11-30T10:46:27","guid":{"rendered":"https:\/\/obscom.intervozes.org.br\/wordpress\/?p=23657"},"modified":"2009-11-30T10:46:27","modified_gmt":"2009-11-30T10:46:27","slug":"orgaos-federais-sugerem-temas-para-debate-nas-conferencias-estaduais-e-distrital","status":"publish","type":"post","link":"https:\/\/obscom.intervozes.org.br\/?p=23657","title":{"rendered":"\u00d3rg\u00e3os federais sugerem temas para debate nas confer\u00eancias estaduais e distrital"},"content":{"rendered":"<p><span class=\"padrao\">Os minist&eacute;rios e outros &oacute;rg&atilde;os federais tamb&eacute;m apresentaram subs&iacute;dios para discuss&atilde;o nas etapas estaduais e distrital da 1&ordf; Confer&ecirc;ncia Nacional de Comunica&ccedil;&atilde;o (1&ordf; Confecom), que iniciaram em outubro e terminaram no &uacute;ltimo domingo, 22. O objetivo foi fomentar o debate sobre alguns temas importantes para a formula&ccedil;&atilde;o de pol&iacute;ticas p&uacute;blicas para a &aacute;rea de comunica&ccedil;&atilde;o.<\/p>\n<p>Durante o processo das confer&ecirc;ncias nas 27 unidades da Federa&ccedil;&atilde;o, todos os segmentos envolvidos &#8211; p&uacute;blico (federal, estadual e municipal), empresarial e social &#8211; participaram com um grande n&uacute;mero de propostas. Agora, todas ser&atilde;o sistematizadas e publicadas no &ldquo;Caderno de Propostas da 1&ordf; Confecom&rdquo;, documento com o qual os 1.684 delegados trabalhar&atilde;o na plen&aacute;ria nacional, a ser realizada de 14 a 17 de dezembro, em Bras&iacute;lia.<\/p>\n<p>Conhe&ccedil;a as contribui&ccedil;&otilde;es apresentadas por representantes do governo federal nas etapas estaduais e distrital por eixos tem&aacute;ticos:<br \/><strong><\/p>\n<p>Produ&ccedil;&atilde;o de Conte&uacute;do<\/p>\n<p><\/strong><br \/>&bull;&nbsp;&nbsp;&nbsp; Apoiar a aprova&ccedil;&atilde;o do Plano Nacional de Cultura;<\/p>\n<p>&bull;&nbsp;&nbsp;&nbsp; Apoiar a discuss&atilde;o de uma nova lei de fomento, incluindo os conte&uacute;dos de TV como bens culturais;<\/p>\n<p>&bull;&nbsp;&nbsp;&nbsp; Simplificar a contrata&ccedil;&atilde;o de conte&uacute;dos regionais e independentes pela Empresa Brasil de Comunica&ccedil;&atilde;o (EBC) e outras empresas p&uacute;blicas gestoras de canais de r&aacute;dio e TV;<\/p>\n<p>&bull;&nbsp;&nbsp;&nbsp; Apoiar a produ&ccedil;&atilde;o de conte&uacute;dos na perspectiva de g&ecirc;nero, ra&ccedil;a, etnia e orienta&ccedil;&atilde;o sexual;<\/p>\n<p>&bull;&nbsp;&nbsp;&nbsp; Estimular a produ&ccedil;&atilde;o de conte&uacute;do produzido por mulheres e sua veicula&ccedil;&atilde;o nos meios de comunica&ccedil;&atilde;o;<\/p>\n<p>&bull;&nbsp;&nbsp;&nbsp; Incentivar os diversos setores da m&iacute;dia a discutirem e promoverem imagens n&atilde;o-estereotipadas e positivas de mulheres e tamb&eacute;m valorizarem a igualdade de g&ecirc;nero;<\/p>\n<p>&bull;&nbsp;&nbsp;&nbsp; Estimular a cria&ccedil;&atilde;o de programas educativos para jovens que abordem os direitos das mulheres e a n&atilde;o-viol&ecirc;ncia de g&ecirc;nero, al&eacute;m de incentivar conte&uacute;dos que promovam o enfrentamento a todas as formas de viol&ecirc;ncia contra as mulheres na programa&ccedil;&atilde;o de emissoras de televis&atilde;o e r&aacute;dio;<\/p>\n<p>&bull;&nbsp;&nbsp;&nbsp; Criar inst&acirc;ncia administrativa de media&ccedil;&atilde;o e resolu&ccedil;&atilde;o de conflitos que inclua as entidades de gest&atilde;o coletiva e de direitos autorais e ofere&ccedil;a tratamento diferenciado para determinados servi&ccedil;os de radiodifus&atilde;o, como a radiodifus&atilde;o comunit&aacute;ria;<\/p>\n<p>&bull;&nbsp;&nbsp;&nbsp; Estimular a cria&ccedil;&atilde;o de novos modelos de neg&oacute;cios e de regulamenta&ccedil;&atilde;o para a coloca&ccedil;&atilde;o &agrave; disposi&ccedil;&atilde;o do p&uacute;blico de obras intelectuais protegidas, trazendo para a legalidade o acesso dos cidad&atilde;os a essas obras e possibilitando a justa remunera&ccedil;&atilde;o para os autores e outros detentores de direitos autorais;<\/p>\n<p>&bull;&nbsp;&nbsp;&nbsp; Incentivar a cria&ccedil;&atilde;o de mecanismos de est&iacute;mulo &agrave; produ&ccedil;&atilde;o de conte&uacute;dos de promo&ccedil;&atilde;o &agrave; sa&uacute;de e bem estar da popula&ccedil;&atilde;o, a exemplo do que ocorre com a educa&ccedil;&atilde;o e o meio ambiente;<\/p>\n<p>&bull;&nbsp;&nbsp;&nbsp; Estimular a digitaliza&ccedil;&atilde;o e disponibiliza&ccedil;&atilde;o atrav&eacute;s da Internet de arquivos de cl&aacute;ssicos brasileiros de import&acirc;ncia hist&oacute;rica;<\/p>\n<p>&bull;&nbsp;&nbsp;&nbsp; Estimular a produ&ccedil;&atilde;o e veicula&ccedil;&atilde;o nas emissoras de televis&atilde;o de conte&uacute;dos sobre a ci&ecirc;ncia e a tecnologia no Brasil e sua hist&oacute;ria;<\/p>\n<p>&bull;&nbsp;&nbsp;&nbsp; Manter livre de restri&ccedil;&otilde;es a circula&ccedil;&atilde;o de informa&ccedil;&otilde;es pela Internet;<\/p>\n<p>&bull;&nbsp;&nbsp;&nbsp; Acervamento e distribui&ccedil;&atilde;o de conte&uacute;dos gerados por financiamentos p&uacute;blicos atrav&eacute;s de uma rede de institui&ccedil;&otilde;es que mantenha a heran&ccedil;a cultural do audiovisual digital brasileiro.<\/p>\n<p><strong><br \/>Meios de Distribui&ccedil;&atilde;o<br \/><\/strong><\/p>\n<p>&bull;&nbsp;&nbsp;&nbsp; Promover as reformas necess&aacute;rias dos marcos regulat&oacute;rios e normativos para o setor de Comunica&ccedil;&atilde;o, que d&ecirc;em conta da converg&ecirc;ncia e da natureza espec&iacute;fica de cada segmento;<\/p>\n<p>&bull;&nbsp;&nbsp;&nbsp; Apoiar a cria&ccedil;&atilde;o, por lei, de uma pol&iacute;tica que garanta a veicula&ccedil;&atilde;o de conte&uacute;dos nacionais e regionais, com produ&ccedil;&atilde;o independente, nos meios de comunica&ccedil;&atilde;o eletr&ocirc;nica, independentemente da plataforma em que operam, conforme assegurado pela Constitui&ccedil;&atilde;o Federal de 1988;<\/p>\n<p>&bull;&nbsp;&nbsp;&nbsp; Estender a todas as emissoras e empresas de r&aacute;dio e televis&atilde;o educativas, vinculadas &agrave; administra&ccedil;&atilde;o p&uacute;blica, os princ&iacute;pios, direitos, deveres, objetivos, modelos de gest&atilde;o e de financiamento, dispostos na Lei 11.652\/08, que autorizou a cria&ccedil;&atilde;o da Empresa Brasil de Comunica&ccedil;&atilde;o (EBC);<\/p>\n<p>&bull;&nbsp;&nbsp;&nbsp; Instituir marco legal para regular o direito de resposta e indeniza&ccedil;&otilde;es a julgados prejudicados por parte de profissionais e empresas de m&iacute;dia;<\/p>\n<p>&bull;&nbsp;&nbsp;&nbsp; Regulamentar os dispositivos do Cap&iacute;tulo da Comunica&ccedil;&atilde;o Social da Constitui&ccedil;&atilde;o que ainda n&atilde;o t&ecirc;m norma infraconstitucional;<\/p>\n<p>&bull;&nbsp;&nbsp;&nbsp; Regular a pr&aacute;tica de proselitismo religioso;<\/p>\n<p>&bull;&nbsp;&nbsp;&nbsp; Refor&ccedil;ar a fiscaliza&ccedil;&atilde;o para coibir a comercializa&ccedil;&atilde;o do tempo de programa&ccedil;&atilde;o de entidades de radiodifus&atilde;o;<\/p>\n<p>&bull;&nbsp;&nbsp;&nbsp; Normatizar a utiliza&ccedil;&atilde;o dos meios de comunica&ccedil;&atilde;o e de telecomunica&ccedil;&otilde;es para emiss&atilde;o de mensagens e campanhas de preven&ccedil;&atilde;o e promo&ccedil;&atilde;o &agrave; sa&uacute;de;<\/p>\n<p>&bull;&nbsp;&nbsp;&nbsp; A partir de uma crise ou emerg&ecirc;ncia em sa&uacute;de p&uacute;blica o Ministro de Estado da Sa&uacute;de poder&aacute; usar de uma prerrogativa legal, al&eacute;m da forma&ccedil;&atilde;o de cadeia de R&aacute;dio e TV, de veicula&ccedil;&atilde;o de mensagens de orienta&ccedil;&atilde;o para a popula&ccedil;&atilde;o na forma de campanhas de utilidade p&uacute;blica;<\/p>\n<p>&bull;&nbsp;&nbsp;&nbsp; Preservar a din&acirc;mica do ambiente legal e regulat&oacute;rio para Internet como espa&ccedil;o de colabora&ccedil;&atilde;o. Isso deve ocorrer a partir da afirma&ccedil;&atilde;o de direitos dos usu&aacute;rios, da delimita&ccedil;&atilde;o da responsabilidade civil dos intermedi&aacute;rios e prestadores de servi&ccedil;o e da defini&ccedil;&atilde;o de diretrizes comuns para regula&ccedil;&atilde;o e defini&ccedil;&atilde;o de pol&iacute;ticas p&uacute;blicas, no &acirc;mbito do governo;<\/p>\n<p>&bull;&nbsp;&nbsp;&nbsp; Considerar a veda&ccedil;&atilde;o da outorga de radiodifus&atilde;o para ocupantes de cargos p&uacute;blicos e o subseq&uuml;ente combate &agrave; burla da regra;<\/p>\n<p>&bull;&nbsp;&nbsp;&nbsp; Garantir o respeito &agrave; disposi&ccedil;&atilde;o legal que estabelece n&uacute;mero m&aacute;ximo de outorgas e o combate &agrave; burla da regra;<\/p>\n<p>&bull;&nbsp;&nbsp;&nbsp; Contribuir para a cria&ccedil;&atilde;o de uma pol&iacute;tica de reestrutura&ccedil;&atilde;o dos sistemas e mercados de comunica&ccedil;&atilde;o, que contemple restri&ccedil;&otilde;es &agrave; propriedade cruzada; &agrave; forma&ccedil;&atilde;o de cadeias de valor verticalizadas e de monop&oacute;lios e oligop&oacute;lios no setor; e que se oriente em prol da diversidade e da pluralidade;<\/p>\n<p>&bull;&nbsp;&nbsp;&nbsp; Refor&ccedil;ar a fiscaliza&ccedil;&atilde;o para coibir a comercializa&ccedil;&atilde;o do tempo de programa&ccedil;&atilde;o de entidades de radiodifus&atilde;o;<\/p>\n<p>&bull;&nbsp;&nbsp;&nbsp; Aperfei&ccedil;oar o sistema de fiscaliza&ccedil;&atilde;o do sistema de radiodifus&atilde;o e fortalecer a estrutura administrativa respons&aacute;vel pela sua implementa&ccedil;&atilde;o;<\/p>\n<p>&bull;&nbsp;&nbsp;&nbsp; Garantir a aplica&ccedil;&atilde;o dos limites legais de tempo de publicidade na programa&ccedil;&atilde;o de emissoras de radiodifus&atilde;o;<\/p>\n<p>&bull;&nbsp;&nbsp;&nbsp; Criar mecanismos de compra de insumos b&aacute;sicos, como o papel jornal, para os pequenos jornais, similares aos modelos dispon&iacute;veis aos grandes;<\/p>\n<p>&bull;&nbsp;&nbsp;&nbsp; Instituir mecanismo de acesso a recursos de natureza publicit&aacute;ria e para investimento nos canais comunit&aacute;rios;<\/p>\n<p>&bull;&nbsp;&nbsp;&nbsp; Descriminalizar e regularizar r&aacute;dios que tenham sido constitu&iacute;das e operem como comunit&aacute;rias;<\/p>\n<p>&bull;&nbsp;&nbsp;&nbsp; Fortalecer os meios de comunica&ccedil;&atilde;o n&atilde;o-comerciais, por meio da revis&atilde;o da legisla&ccedil;&atilde;o vigente &ndash; no que se refere a fontes de financiamento e pilares da programa&ccedil;&atilde;o &#8211; e das exig&ecirc;ncias relativas &agrave;s outorgas;<\/p>\n<p>&bull;&nbsp;&nbsp;&nbsp; Apoiar a implanta&ccedil;&atilde;o dos canais previstos no Decreto n&ordm; 5.820\/06 (Poder Executivo, da Cultura, da Educa&ccedil;&atilde;o e da Cidadania);<\/p>\n<p>&bull;&nbsp;&nbsp;&nbsp; A infraestrutura da Rede Nacional de Ensino e Pesquisa deve evoluir continuamente para prover solu&ccedil;&otilde;es avan&ccedil;adas em educa&ccedil;&atilde;o, sa&uacute;de, cultura e pesquisa colaborativa;<\/p>\n<p>&bull;&nbsp;&nbsp;&nbsp; Criar mecanismos menos onerosos de verifica&ccedil;&atilde;o de audi&ecirc;ncia e circula&ccedil;&atilde;o;<\/p>\n<p>&bull;&nbsp;&nbsp;&nbsp; Adotar o crit&eacute;rio de m&iacute;dia t&eacute;cnica na publicidade institucional e de utilidade p&uacute;blica nas tr&ecirc;s esferas de poder, com incentivo &agrave; regionaliza&ccedil;&atilde;o e verifica&ccedil;&atilde;o de circula&ccedil;&atilde;o;<\/p>\n<p>&bull;&nbsp;&nbsp;&nbsp; Instituir que a publicidade de bebidas alco&oacute;licas, independentemente da gradua&ccedil;&atilde;o, conceda contrapartida proporcional para veicula&ccedil;&atilde;o de campanhas de utilidade p&uacute;blica do Minist&eacute;rio da Sa&uacute;de sobre os riscos e cuidados que a popula&ccedil;&atilde;o deve ter com rela&ccedil;&atilde;o ao consumo de &aacute;lcool, que encontram no Brasil fatores sociais e culturais para o seu uso;<\/p>\n<p>&bull;&nbsp;&nbsp;&nbsp; Assegurar a neutralidade da Internet por meio de tratamento ison&ocirc;mico a todos os seus usu&aacute;rios;<\/p>\n<p>&bull;&nbsp;&nbsp;&nbsp; Manter o processo de governan&ccedil;a da Internet no Brasil como modelo multisetorial e democr&aacute;tico em colabora&ccedil;&atilde;o com as ag&ecirc;ncias respons&aacute;veis por telecomunica&ccedil;&otilde;es e\/ou conte&uacute;do;<\/p>\n<p>&bull;&nbsp;&nbsp;&nbsp; Distribuir as outorgas de radiodifus&atilde;o em tecnologia digital de forma eq&uuml;itativa entre os sistemas p&uacute;blico, privado e estatal, respeitadas as consigna&ccedil;&otilde;es realizadas com base no Decreto 5.826\/06;<\/p>\n<p>&bull;&nbsp;&nbsp;&nbsp; Reservar faixa do espectro para aplica&ccedil;&otilde;es em pesquisa, sa&uacute;de e educa&ccedil;&atilde;o, permitindo a redu&ccedil;&atilde;o dos custos e o aumento da efici&ecirc;ncia de projetos de inclus&atilde;o digital;&bull;&nbsp;&nbsp;&nbsp; Alocar faixas do espectro para o atendimento &agrave; zona rural;<\/p>\n<p>&bull;&nbsp;&nbsp;&nbsp; Garantir o acesso &agrave; banda larga a todos;<\/p>\n<p>&bull;&nbsp;&nbsp;&nbsp; Apoiar programa governamental para o desenvolvimento de uma infraestrutura de rede de banda larga universal para acesso &agrave; Internet e canal de retorno de TV Digital;<\/p>\n<p>&bull;&nbsp;&nbsp;&nbsp; Instituir a figura do Operador Nacional de Rede Digital P&uacute;blica a ser gerido pela EBC, cabendo a este operador propiciar as plataformas comuns de opera&ccedil;&atilde;o para todas as emissoras p&uacute;blicas de televis&atilde;o;<\/p>\n<p>&bull;&nbsp;&nbsp;&nbsp; Viabilizar canais anal&oacute;gicos existentes, sobretudo nos centros urbanos onde h&aacute; grande congestionamento, propiciando a presta&ccedil;&atilde;o de servi&ccedil;o de radiodifus&atilde;o pelo sistema p&uacute;blico.<\/p>\n<p><strong><br \/>Cidadania: Direitos e Deveres<\/strong><\/p>\n<p>&bull;&nbsp;&nbsp;&nbsp; Disponibilizar e garantir equipamentos, criando uma rede digital sociocultural em espa&ccedil;os p&uacute;blicos, para promover a democratiza&ccedil;&atilde;o do acesso &agrave; informa&ccedil;&atilde;o em meio digital;<\/p>\n<p>&bull;&nbsp;&nbsp;&nbsp; Promover e estimular a cria&ccedil;&atilde;o de espa&ccedil;os p&uacute;blicos destinados ao ensino, produ&ccedil;&atilde;o e express&atilde;o das manifesta&ccedil;&otilde;es art&iacute;sticas e culturais; e apoiar os espa&ccedil;os comunit&aacute;rios e alternativos, propiciando o acesso democr&aacute;tico a todas as modalidades de emana&ccedil;&atilde;o da produ&ccedil;&atilde;o intelectual do povo brasileiro;<\/p>\n<p>&bull;&nbsp;&nbsp;&nbsp; Viabilizar a cria&ccedil;&atilde;o e a manuten&ccedil;&atilde;o de equipamentos p&uacute;blicos (cineclubes, telecentros, pontos de cultura, bibliotecas) que sejam centros de produ&ccedil;&atilde;o, difus&atilde;o, forma&ccedil;&atilde;o e capacita&ccedil;&atilde;o interligados em rede com a participa&ccedil;&atilde;o priorit&aacute;ria e parceria com escolas p&uacute;blicas e organiza&ccedil;&otilde;es que trabalham com crian&ccedil;as e jovens em risco e&nbsp; vulnerabilidade social;<\/p>\n<p>&bull;&nbsp;&nbsp;&nbsp; Utilizar a rede de telecentros de inclus&atilde;o digital como ambientes de capacita&ccedil;&atilde;o profissional atrav&eacute;s da educa&ccedil;&atilde;o &agrave; dist&acirc;ncia;<\/p>\n<p>&bull;&nbsp;&nbsp;&nbsp; Incentivar e apoiar &agrave; produ&ccedil;&atilde;o de pesquisas com a percep&ccedil;&atilde;o de mulheres e homens sobre a representa&ccedil;&atilde;o da mulher nos meios de Comunica&ccedil;&atilde;o;<\/p>\n<p>&bull;&nbsp;&nbsp;&nbsp; Ampliar o debate nas esferas do Estado e da sociedade sobre a representa&ccedil;&atilde;o da imagem das mulheres na m&iacute;dia e os significados dessa representa&ccedil;&atilde;o para a constru&ccedil;&atilde;o de uma sociedade mais solid&aacute;ria e igualit&aacute;ria; &nbsp;<\/p>\n<p>&bull;&nbsp;&nbsp;&nbsp; Apoiar a implementa&ccedil;&atilde;o do Eixo 8 &#8211; Cultura, Comunica&ccedil;&atilde;o e M&iacute;dia Igualit&aacute;rias, Democr&aacute;ticas e N&atilde;o-discriminat&oacute;rias &ndash; do II Plano Nacional de Pol&iacute;ticas para Mulheres (II PNPM);<\/p>\n<p>&bull;&nbsp;&nbsp;&nbsp; Regular a Classifica&ccedil;&atilde;o Indicativa por lei (enquanto n&atilde;o existir legisla&ccedil;&atilde;o espec&iacute;fica sobre o assunto, o ECA deve ser instrumento normativo que pauta as pol&iacute;ticas p&uacute;blicas da Classifica&ccedil;&atilde;o Indicativa); favorecer o cumprimento dos artigos 221, da CF, e 76, do ECA, por meio da participa&ccedil;&atilde;o interministerial e popular para definir o que vem a ser produ&ccedil;&otilde;es educativas, art&iacute;sticas, culturais e informativas; e cumprir integralmente as Portarias da Classifica&ccedil;&atilde;o Indicativa;<\/p>\n<p>&bull;&nbsp;&nbsp;&nbsp; Registrar e disseminar a produ&ccedil;&atilde;o cient&iacute;fica brasileira na Internet;<\/p>\n<p>&bull;&nbsp;&nbsp;&nbsp; Apoiar a cria&ccedil;&atilde;o de um centro de estudos, pesquisas e sistematiza&ccedil;&atilde;o de informa&ccedil;&otilde;es, dados e indicadores, vinculado &agrave; administra&ccedil;&atilde;o p&uacute;blica federal, para o setor de Comunica&ccedil;&atilde;o;<\/p>\n<p>&bull;&nbsp;&nbsp;&nbsp; Promover a ader&ecirc;ncia das pol&iacute;ticas de comunica&ccedil;&atilde;o &agrave; Conven&ccedil;&atilde;o sobre a Prote&ccedil;&atilde;o e a Promo&ccedil;&atilde;o da Diversidade das Express&otilde;es Culturais, adotada pela Assembl&eacute;ia Geral da Unesco, em 21 de outubro de 2005, e promulgada no Brasil pelo Decreto n&ordm; 6.177, de 1&ordm; de agosto de 2007.<\/span><\/p>\n","protected":false},"excerpt":{"rendered":"<p>Os minist&eacute;rios e outros &oacute;rg&atilde;os federais tamb&eacute;m apresentaram subs&iacute;dios para discuss&atilde;o nas etapas estaduais e distrital da 1&ordf; Confer&ecirc;ncia Nacional de Comunica&ccedil;&atilde;o (1&ordf; Confecom), que iniciaram em outubro e terminaram no &uacute;ltimo domingo, 22. O objetivo foi fomentar o debate sobre alguns temas importantes para a formula&ccedil;&atilde;o de pol&iacute;ticas p&uacute;blicas para a &aacute;rea de comunica&ccedil;&atilde;o. &hellip; <a href=\"https:\/\/obscom.intervozes.org.br\/?p=23657\" class=\"more-link\">Continue lendo <span class=\"screen-reader-text\">\u00d3rg\u00e3os federais sugerem temas para debate nas confer\u00eancias estaduais e distrital<\/span> <span class=\"meta-nav\">&rarr;<\/span><\/a><\/p>\n","protected":false},"author":1,"featured_media":0,"comment_status":"open","ping_status":"open","sticky":false,"template":"","format":"standard","meta":{"footnotes":""},"categories":[40],"tags":[1012],"_links":{"self":[{"href":"https:\/\/obscom.intervozes.org.br\/index.php?rest_route=\/wp\/v2\/posts\/23657"}],"collection":[{"href":"https:\/\/obscom.intervozes.org.br\/index.php?rest_route=\/wp\/v2\/posts"}],"about":[{"href":"https:\/\/obscom.intervozes.org.br\/index.php?rest_route=\/wp\/v2\/types\/post"}],"author":[{"embeddable":true,"href":"https:\/\/obscom.intervozes.org.br\/index.php?rest_route=\/wp\/v2\/users\/1"}],"replies":[{"embeddable":true,"href":"https:\/\/obscom.intervozes.org.br\/index.php?rest_route=%2Fwp%2Fv2%2Fcomments&post=23657"}],"version-history":[{"count":0,"href":"https:\/\/obscom.intervozes.org.br\/index.php?rest_route=\/wp\/v2\/posts\/23657\/revisions"}],"wp:attachment":[{"href":"https:\/\/obscom.intervozes.org.br\/index.php?rest_route=%2Fwp%2Fv2%2Fmedia&parent=23657"}],"wp:term":[{"taxonomy":"category","embeddable":true,"href":"https:\/\/obscom.intervozes.org.br\/index.php?rest_route=%2Fwp%2Fv2%2Fcategories&post=23657"},{"taxonomy":"post_tag","embeddable":true,"href":"https:\/\/obscom.intervozes.org.br\/index.php?rest_route=%2Fwp%2Fv2%2Ftags&post=23657"}],"curies":[{"name":"wp","href":"https:\/\/api.w.org\/{rel}","templated":true}]}}