{"id":23654,"date":"2009-11-27T18:44:30","date_gmt":"2009-11-27T18:44:30","guid":{"rendered":"https:\/\/obscom.intervozes.org.br\/wordpress\/?p=23654"},"modified":"2009-11-27T18:44:30","modified_gmt":"2009-11-27T18:44:30","slug":"vem-ai-o-ii-forum-de-midia-livre","status":"publish","type":"post","link":"https:\/\/obscom.intervozes.org.br\/?p=23654","title":{"rendered":"Vem a\u00ed o II F\u00f3rum de M\u00eddia Livre"},"content":{"rendered":"<p> \t<!-- \t\t@page { margin: 2cm } \t\tP { margin-bottom: 0.21cm } \t--> \t <\/p>\n<div align=\"justify\"> <\/div>\n<div align=\"justify\"> <\/div>\n<p style=\"margin-bottom: 0cm\" class=\"padrao\" align=\"justify\"><span class=\"padrao\">Encerradas todas as etapas estaduais da 1&ordf; Confer&ecirc;ncia Nacional de Comunica&ccedil;&atilde;o (Confecom), o movimento pela democratiza&ccedil;&atilde;o da comunica&ccedil;&atilde;o j&aacute; tem outra agenda importante para a pr&oacute;xima semana. Trata-se do II F&oacute;rum de M&iacute;dia Livre, que acontecer&aacute; entre os dias 4 e 6 deste m&ecirc;s, em Vit&oacute;ria, Esp&iacute;rito Santo. O evento &eacute; aberto e gratuito e as inscri&ccedil;&otilde;es devem ser feitas <a href=\"http:\/\/www.forumdemidialivre.org\" target=\"_blank\"> neste site.<\/a><\/span><\/p>\n<p>Os temas que j&aacute; vinham sendo debatidos desde o primeiro encontro do F&oacute;rum, realizado em junho de 2008, permanecem na pauta dos movimentos que comp&otilde;e a articula&ccedil;&atilde;o. Alguns fatos novos, por&eacute;m, colocam outras agendas no evento. Ou no m&iacute;nimo reorganizam sua discuss&atilde;o. &Eacute; o caso da Confer&ecirc;ncia de Comunica&ccedil;&atilde;o, que vai ocorrer do dia 14 a 17 deste m&ecirc;s, em Bras&iacute;lia.<\/p>\n<p>Pensando nisso, as organiza&ccedil;&otilde;es do F&oacute;rum acreditam que ele ser&aacute; um momento importante para afinar as propostas e articula&ccedil;&otilde;es que ser&atilde;o feitas para a Confer&ecirc;ncia. Haver&aacute;, na programa&ccedil;&atilde;o, um espa&ccedil;o exclusivo de debates dividido nos eixos da Confecom (meio de distribui&ccedil;&atilde;o, produ&ccedil;&atilde;o de conte&uacute;do e cidadania: direitos e deveres).<\/p>\n<p>Assim como a Confecom, uma outra pauta pode tomar conta das conversas em Vit&oacute;ria. Preocupados com a dificuldade de sobreviv&ecirc;ncia dos ve&iacute;culos alternativos e comunit&aacute;rios (em meios digitais ou n&atilde;o) e tamb&eacute;m das pessoas que neles trabalham, o F&oacute;rum vai promover um di&aacute;logo sobre a sustentabilidade da m&iacute;dia livre. <\/p>\n<p>&ldquo;Este ano, o desafio &eacute; pensar a sustentabilidade dos realizadores independentes nessa Era p&oacute;s-m&iacute;dia. Antes de tudo, o F&oacute;rum &eacute; um encontro de gera&ccedil;&otilde;es que hoje produzem cultura a partir de valores associados &agrave; colabora&ccedil;&atilde;o e &agrave; rede, visando a produ&ccedil;&atilde;o de um novo mercado da comunica&ccedil;&atilde;o: o mercado do di&aacute;logo&quot;, explica, por meio de uma carta, F&aacute;bio Malini, professor de Comunica&ccedil;&atilde;o e coordenador local do II F&oacute;rum de M&iacute;dia Livre.<\/p>\n<p>Segundo Malini, apesar de estarmos em um momento de prolifera&ccedil;&atilde;o da produ&ccedil;&atilde;o cultural e comunicativa no pa&iacute;s, as pessoas que est&atilde;o por tr&aacute;s dos ve&iacute;culos ainda est&atilde;o longe de ter seu trabalho considerado digno. &ldquo;Muitas vezes obt&ecirc;m infraestrutura de trabalho, atrav&eacute;s de editais p&uacute;blicos, mas n&atilde;o al&ccedil;am a possibilidade de &#39;viver de m&iacute;dia&#39;. Como qualquer trabalhador da cultura, o da comunica&ccedil;&atilde;o ainda se v&ecirc; na depend&ecirc;ncia das ind&uacute;strias da intermedia&ccedil;&atilde;o (da publicidade &agrave;s ind&uacute;strias culturais) e\/ou do fisiologismo t&iacute;pico brasileiro (aquela ajuda do &ldquo;amigo do governo ou da empresa&rdquo;)&rdquo;, considera.<\/p>\n<p>O encontro de blogs pol&iacute;ticos tamb&eacute;m deve chamar a aten&ccedil;&atilde;o daqueles que usam das m&iacute;dias digitais para fazer valer suas opini&otilde;es. Luis Nassif, Altino Machado, Rodrigo Vianna, Renato Rovai, Luiz Carlos Azenha e Altamiro Borges s&atilde;o alguns dos blogueiros que estar&atilde;o presentes no evento. O mote para o denominado &ldquo;Post Livre&rdquo; &eacute; Conselhos para uma Blogosfera Pol&iacute;tica Livre.<\/p>\n<p>A programa&ccedil;&atilde;o contar&aacute; ainda com o I Festival de M&uacute;sica Livre; Oficinas de Realizadores Multim&iacute;dia; o Semin&aacute;rio &quot;A Morte do Pop Star&quot;; Mesas de Debate sobre o Midialivrismo e as Desconfer&ecirc;ncias na forma de grupos de trabalho. A programa&ccedil;&atilde;o completa, assim como outras informa&ccedil;&otilde;es, encontram-se no site do F&oacute;rum.<\/p>\n","protected":false},"excerpt":{"rendered":"<p>F&oacute;rum ser&aacute; realizado de 4 a 6 de dezembro, e vai discutir os rumos do &quot;midialivrismo&quot; para a Confecom e a sustentabilidade da m&iacute;dia livre<\/p>\n","protected":false},"author":1,"featured_media":0,"comment_status":"open","ping_status":"open","sticky":false,"template":"","format":"standard","meta":{"footnotes":""},"categories":[40],"tags":[1168],"_links":{"self":[{"href":"https:\/\/obscom.intervozes.org.br\/index.php?rest_route=\/wp\/v2\/posts\/23654"}],"collection":[{"href":"https:\/\/obscom.intervozes.org.br\/index.php?rest_route=\/wp\/v2\/posts"}],"about":[{"href":"https:\/\/obscom.intervozes.org.br\/index.php?rest_route=\/wp\/v2\/types\/post"}],"author":[{"embeddable":true,"href":"https:\/\/obscom.intervozes.org.br\/index.php?rest_route=\/wp\/v2\/users\/1"}],"replies":[{"embeddable":true,"href":"https:\/\/obscom.intervozes.org.br\/index.php?rest_route=%2Fwp%2Fv2%2Fcomments&post=23654"}],"version-history":[{"count":0,"href":"https:\/\/obscom.intervozes.org.br\/index.php?rest_route=\/wp\/v2\/posts\/23654\/revisions"}],"wp:attachment":[{"href":"https:\/\/obscom.intervozes.org.br\/index.php?rest_route=%2Fwp%2Fv2%2Fmedia&parent=23654"}],"wp:term":[{"taxonomy":"category","embeddable":true,"href":"https:\/\/obscom.intervozes.org.br\/index.php?rest_route=%2Fwp%2Fv2%2Fcategories&post=23654"},{"taxonomy":"post_tag","embeddable":true,"href":"https:\/\/obscom.intervozes.org.br\/index.php?rest_route=%2Fwp%2Fv2%2Ftags&post=23654"}],"curies":[{"name":"wp","href":"https:\/\/api.w.org\/{rel}","templated":true}]}}