{"id":23651,"date":"2009-11-27T18:27:09","date_gmt":"2009-11-27T18:27:09","guid":{"rendered":"https:\/\/obscom.intervozes.org.br\/wordpress\/?p=23651"},"modified":"2009-11-27T18:27:09","modified_gmt":"2009-11-27T18:27:09","slug":"proposta-que-delimita-autorizacao-para-radio-comunitaria-segue-para-camara","status":"publish","type":"post","link":"https:\/\/obscom.intervozes.org.br\/?p=23651","title":{"rendered":"Proposta que delimita autoriza\u00e7\u00e3o para r\u00e1dio comunit\u00e1ria segue para C\u00e2mara"},"content":{"rendered":"<p><span class=\"padrao\"><strong>Reproduzido da Teletime News<\/strong><\/p>\n<p>As autoriza&ccedil;&otilde;es para explora&ccedil;&atilde;o de servi&ccedil;o de radiodifus&atilde;o comunit&aacute;ria s&oacute; ser&atilde;o concedidas a entidades ou associa&ccedil;&otilde;es com pelo menos dois anos de atua&ccedil;&atilde;o. &Eacute; o que define projeto (PLS 260\/09) aprovado pela Comiss&atilde;o de Ci&ecirc;ncia e Tecnologia do Senado. A mat&eacute;ria j&aacute; havia sido acolhida em reuni&atilde;o anterior da comiss&atilde;o, mas voltou &agrave; pauta para reexame de emenda apresentada ao texto, que foi agora rejeitada.<\/p>\n<p>Aprovada de forma terminativa, a proposi&ccedil;&atilde;o segue para a C&acirc;mara dos Deputados se n&atilde;o houver recurso para an&aacute;lise em Plen&aacute;rio.&nbsp; O texto, de autoria do senador Flexa Ribeiro (PSDB-PA), modifica a Lei das R&aacute;dios Comunit&aacute;rias (9.612\/98) e pretende evitar a utiliza&ccedil;&atilde;o da concess&atilde;o p&uacute;blica de forma inadequada.<\/p>\n<p>Fust<\/p>\n<p>Outra mat&eacute;ria a receber nova vota&ccedil;&atilde;o foi o PLS 283\/09, que determina que as contas de telefone fixo dos consumidores de baixa renda poder&atilde;o ser reduzidas com o uso dos recursos do Fust (Fundo de Universaliza&ccedil;&atilde;o dos Servi&ccedil;os de Telecomunica&ccedil;&otilde;es). A mat&eacute;ria &eacute; de autoria do senador Flexa Ribeiro (PSDB-PA). O erro corrigido nesta quarta-feira referia-se &agrave; cita&ccedil;&atilde;o de um inciso da Lei 9.998\/00, que instituiu o fundo, e &eacute; modificada pela proposta.<\/p>\n<p>O PLS inclui entre os objetivos da utiliza&ccedil;&atilde;o dos recursos do Fust o &quot;subs&iacute;dio direto ao consumo de servi&ccedil;os explorados em regime p&uacute;blico&quot;, como a telefonia fixa. Com isso, o autor pretende estender &agrave; telefonia fixa o mesmo tipo de benef&iacute;cio j&aacute; estabelecido para os consumidores de baixa renda de energia el&eacute;trica. A mat&eacute;ria tamb&eacute;m segue para a C&acirc;mara. <\/p>\n<p>(<em>Da reda&ccedil;&atilde;o, com Ag&ecirc;ncia Senado<\/em>)<br \/><\/span><\/p>\n","protected":false},"excerpt":{"rendered":"<p>Reproduzido da Teletime News As autoriza&ccedil;&otilde;es para explora&ccedil;&atilde;o de servi&ccedil;o de radiodifus&atilde;o comunit&aacute;ria s&oacute; ser&atilde;o concedidas a entidades ou associa&ccedil;&otilde;es com pelo menos dois anos de atua&ccedil;&atilde;o. &Eacute; o que define projeto (PLS 260\/09) aprovado pela Comiss&atilde;o de Ci&ecirc;ncia e Tecnologia do Senado. A mat&eacute;ria j&aacute; havia sido acolhida em reuni&atilde;o anterior da comiss&atilde;o, mas &hellip; <a href=\"https:\/\/obscom.intervozes.org.br\/?p=23651\" class=\"more-link\">Continue lendo <span class=\"screen-reader-text\">Proposta que delimita autoriza\u00e7\u00e3o para r\u00e1dio comunit\u00e1ria segue para C\u00e2mara<\/span> <span class=\"meta-nav\">&rarr;<\/span><\/a><\/p>\n","protected":false},"author":1,"featured_media":0,"comment_status":"open","ping_status":"open","sticky":false,"template":"","format":"standard","meta":{"footnotes":""},"categories":[39],"tags":[],"_links":{"self":[{"href":"https:\/\/obscom.intervozes.org.br\/index.php?rest_route=\/wp\/v2\/posts\/23651"}],"collection":[{"href":"https:\/\/obscom.intervozes.org.br\/index.php?rest_route=\/wp\/v2\/posts"}],"about":[{"href":"https:\/\/obscom.intervozes.org.br\/index.php?rest_route=\/wp\/v2\/types\/post"}],"author":[{"embeddable":true,"href":"https:\/\/obscom.intervozes.org.br\/index.php?rest_route=\/wp\/v2\/users\/1"}],"replies":[{"embeddable":true,"href":"https:\/\/obscom.intervozes.org.br\/index.php?rest_route=%2Fwp%2Fv2%2Fcomments&post=23651"}],"version-history":[{"count":0,"href":"https:\/\/obscom.intervozes.org.br\/index.php?rest_route=\/wp\/v2\/posts\/23651\/revisions"}],"wp:attachment":[{"href":"https:\/\/obscom.intervozes.org.br\/index.php?rest_route=%2Fwp%2Fv2%2Fmedia&parent=23651"}],"wp:term":[{"taxonomy":"category","embeddable":true,"href":"https:\/\/obscom.intervozes.org.br\/index.php?rest_route=%2Fwp%2Fv2%2Fcategories&post=23651"},{"taxonomy":"post_tag","embeddable":true,"href":"https:\/\/obscom.intervozes.org.br\/index.php?rest_route=%2Fwp%2Fv2%2Ftags&post=23651"}],"curies":[{"name":"wp","href":"https:\/\/api.w.org\/{rel}","templated":true}]}}