{"id":23638,"date":"2009-11-26T16:11:53","date_gmt":"2009-11-26T16:11:53","guid":{"rendered":"https:\/\/obscom.intervozes.org.br\/wordpress\/?p=23638"},"modified":"2009-11-26T16:11:53","modified_gmt":"2009-11-26T16:11:53","slug":"votacao-do-pl-29-e-adiada-para-o-dia-2-de-dezembro","status":"publish","type":"post","link":"https:\/\/obscom.intervozes.org.br\/?p=23638","title":{"rendered":"Vota\u00e7\u00e3o do PL 29 \u00e9 adiada para o dia 2 de dezembro"},"content":{"rendered":"<p><span class=\"padrao\"><strong>Reproduzido do Teletime News<\/strong><\/p>\n<p>O PL 29\/2007, que estabelece novas regras para o setor de TV por assinatura e audiovisual, ser&aacute; votado no dia 2 de dezembro, segundo o presidente da Comiss&atilde;o de Ci&ecirc;ncia e Tecnologia, Comunica&ccedil;&atilde;o e Inform&aacute;tica da C&acirc;mara, deputado Eduardo Gomes (PSDB\/TO). Segundo o deputado, o adiamento da vota&ccedil;&atilde;o em uma semana (ela deveria ter come&ccedil;ado nesta quarta, 25) foi solicitada por ele, para que fossem organizados pelos l&iacute;deres dos diferentes partidos os diversos destaques ao relat&oacute;rio final do deputado Paulo Henrique Lustosa (PMDB\/CE). Segundo Eduardo Gomes, no dia 2 de dezembro o PL 29 ser&aacute; o tema priorit&aacute;rio e a ideia &eacute; vot&aacute;-lo juntamente com os destaques. &quot;Em momento algum esse adiamento deve ser entendido como uma manobra protelat&oacute;ria. O que queremos &eacute; que, no dia 2, o projeto seja votado definitivamente, sem mais adiamentos&quot;. <\/p>\n<p>A press&atilde;o de prazo sobre os deputados &eacute; grande. Com o recesso parlamentar se aproximando (o Congresso para a partir do dia 22 de dezembro) restar&atilde;o apenas tr&ecirc;s sess&otilde;es da comiss&atilde;o para a vota&ccedil;&atilde;o, a n&atilde;o ser que haja sess&otilde;es extraordin&aacute;rias. O problema &eacute; que o final do ano &eacute;, normalmente, intenso em termos de vota&ccedil;&atilde;o no plen&aacute;rio da C&acirc;mara, cujas sess&otilde;es t&ecirc;m prioridade sobre as comiss&otilde;es.<\/p>\n<p>(<em>Da Reda&ccedil;&atilde;o<\/em>)<\/span><\/p>\n","protected":false},"excerpt":{"rendered":"<p>Reproduzido do Teletime News O PL 29\/2007, que estabelece novas regras para o setor de TV por assinatura e audiovisual, ser&aacute; votado no dia 2 de dezembro, segundo o presidente da Comiss&atilde;o de Ci&ecirc;ncia e Tecnologia, Comunica&ccedil;&atilde;o e Inform&aacute;tica da C&acirc;mara, deputado Eduardo Gomes (PSDB\/TO). Segundo o deputado, o adiamento da vota&ccedil;&atilde;o em uma semana &hellip; <a href=\"https:\/\/obscom.intervozes.org.br\/?p=23638\" class=\"more-link\">Continue lendo <span class=\"screen-reader-text\">Vota\u00e7\u00e3o do PL 29 \u00e9 adiada para o dia 2 de dezembro<\/span> <span class=\"meta-nav\">&rarr;<\/span><\/a><\/p>\n","protected":false},"author":1,"featured_media":0,"comment_status":"open","ping_status":"open","sticky":false,"template":"","format":"standard","meta":{"footnotes":""},"categories":[39],"tags":[],"_links":{"self":[{"href":"https:\/\/obscom.intervozes.org.br\/index.php?rest_route=\/wp\/v2\/posts\/23638"}],"collection":[{"href":"https:\/\/obscom.intervozes.org.br\/index.php?rest_route=\/wp\/v2\/posts"}],"about":[{"href":"https:\/\/obscom.intervozes.org.br\/index.php?rest_route=\/wp\/v2\/types\/post"}],"author":[{"embeddable":true,"href":"https:\/\/obscom.intervozes.org.br\/index.php?rest_route=\/wp\/v2\/users\/1"}],"replies":[{"embeddable":true,"href":"https:\/\/obscom.intervozes.org.br\/index.php?rest_route=%2Fwp%2Fv2%2Fcomments&post=23638"}],"version-history":[{"count":0,"href":"https:\/\/obscom.intervozes.org.br\/index.php?rest_route=\/wp\/v2\/posts\/23638\/revisions"}],"wp:attachment":[{"href":"https:\/\/obscom.intervozes.org.br\/index.php?rest_route=%2Fwp%2Fv2%2Fmedia&parent=23638"}],"wp:term":[{"taxonomy":"category","embeddable":true,"href":"https:\/\/obscom.intervozes.org.br\/index.php?rest_route=%2Fwp%2Fv2%2Fcategories&post=23638"},{"taxonomy":"post_tag","embeddable":true,"href":"https:\/\/obscom.intervozes.org.br\/index.php?rest_route=%2Fwp%2Fv2%2Ftags&post=23638"}],"curies":[{"name":"wp","href":"https:\/\/api.w.org\/{rel}","templated":true}]}}