{"id":23637,"date":"2009-11-26T15:57:57","date_gmt":"2009-11-26T15:57:57","guid":{"rendered":"https:\/\/obscom.intervozes.org.br\/wordpress\/?p=23637"},"modified":"2009-11-26T15:57:57","modified_gmt":"2009-11-26T15:57:57","slug":"so-associacoes-com-mais-de-dois-anos-poderao-ter-radios-comunitarias","status":"publish","type":"post","link":"https:\/\/obscom.intervozes.org.br\/?p=23637","title":{"rendered":"S\u00f3 associa\u00e7\u00f5es com mais de dois anos poder\u00e3o ter r\u00e1dios comunit\u00e1rias"},"content":{"rendered":"<p><span class=\"padrao\"><strong>Reproduzdido da Ag&ecirc;ncia Senado<br \/><\/strong><\/p>\n<p>As autoriza&ccedil;&otilde;es para explora&ccedil;&atilde;o de servi&ccedil;o de radiodifus&atilde;o comunit&aacute;ria s&oacute; ser&atilde;o concedidas a entidades ou associa&ccedil;&otilde;es com pelo menos dois anos de atua&ccedil;&atilde;o. &Eacute; o que define projeto (PLS 260\/09) aprovado pela Comiss&atilde;o de Ci&ecirc;ncia, Tecnologia, Inova&ccedil;&atilde;o, Comunica&ccedil;&atilde;o e Inform&aacute;tica (CCT) nesta quarta-feira (25).<\/p>\n<p>A mat&eacute;ria j&aacute; havia sido acolhida em reuni&atilde;o anterior da comiss&atilde;o, mas voltou &agrave; pauta para reexame de emenda apresentada ao texto, que foi agora rejeitada. Aprovada de forma terminativa, a proposi&ccedil;&atilde;o segue para a C&acirc;mara dos Deputados se n&atilde;o houver recurso para an&aacute;lise em Plen&aacute;rio.<\/p>\n<p>O texto, de autoria do senador Flexa Ribeiro (PSDB-PA), modifica a Lei das R&aacute;dios Comunit&aacute;rias (9.612\/98) e pretende evitar a utiliza&ccedil;&atilde;o da concess&atilde;o p&uacute;blica de forma inadequada por entidades &quot;a servi&ccedil;o de causas que n&atilde;o se coadunam com os fins para os quais a radiodifus&atilde;o comunit&aacute;ria foi criada&quot;, justificou. O parlamentar ressaltou ainda que a modifica&ccedil;&atilde;o n&atilde;o pretende criar dificuldades para a concess&atilde;o, mas s&oacute; regulamentar a cria&ccedil;&atilde;o das r&aacute;dios.<\/p>\n<p>A emenda agora rejeitada havia sido apresentada pelo senador Gerson Camata (PMDB-ES), mas referia-se apenas a trecho do relat&oacute;rio do senador Valdir Raupp (PMDB-RO), e n&atilde;o ao projeto.<\/p>\n<p>(<em>Elina Rodrigues Pozzebom<\/em>)<\/span><\/p>\n","protected":false},"excerpt":{"rendered":"<p>Reproduzdido da Ag&ecirc;ncia Senado As autoriza&ccedil;&otilde;es para explora&ccedil;&atilde;o de servi&ccedil;o de radiodifus&atilde;o comunit&aacute;ria s&oacute; ser&atilde;o concedidas a entidades ou associa&ccedil;&otilde;es com pelo menos dois anos de atua&ccedil;&atilde;o. &Eacute; o que define projeto (PLS 260\/09) aprovado pela Comiss&atilde;o de Ci&ecirc;ncia, Tecnologia, Inova&ccedil;&atilde;o, Comunica&ccedil;&atilde;o e Inform&aacute;tica (CCT) nesta quarta-feira (25). A mat&eacute;ria j&aacute; havia sido acolhida em &hellip; <a href=\"https:\/\/obscom.intervozes.org.br\/?p=23637\" class=\"more-link\">Continue lendo <span class=\"screen-reader-text\">S\u00f3 associa\u00e7\u00f5es com mais de dois anos poder\u00e3o ter r\u00e1dios comunit\u00e1rias<\/span> <span class=\"meta-nav\">&rarr;<\/span><\/a><\/p>\n","protected":false},"author":1,"featured_media":0,"comment_status":"open","ping_status":"open","sticky":false,"template":"","format":"standard","meta":{"footnotes":""},"categories":[39],"tags":[],"_links":{"self":[{"href":"https:\/\/obscom.intervozes.org.br\/index.php?rest_route=\/wp\/v2\/posts\/23637"}],"collection":[{"href":"https:\/\/obscom.intervozes.org.br\/index.php?rest_route=\/wp\/v2\/posts"}],"about":[{"href":"https:\/\/obscom.intervozes.org.br\/index.php?rest_route=\/wp\/v2\/types\/post"}],"author":[{"embeddable":true,"href":"https:\/\/obscom.intervozes.org.br\/index.php?rest_route=\/wp\/v2\/users\/1"}],"replies":[{"embeddable":true,"href":"https:\/\/obscom.intervozes.org.br\/index.php?rest_route=%2Fwp%2Fv2%2Fcomments&post=23637"}],"version-history":[{"count":0,"href":"https:\/\/obscom.intervozes.org.br\/index.php?rest_route=\/wp\/v2\/posts\/23637\/revisions"}],"wp:attachment":[{"href":"https:\/\/obscom.intervozes.org.br\/index.php?rest_route=%2Fwp%2Fv2%2Fmedia&parent=23637"}],"wp:term":[{"taxonomy":"category","embeddable":true,"href":"https:\/\/obscom.intervozes.org.br\/index.php?rest_route=%2Fwp%2Fv2%2Fcategories&post=23637"},{"taxonomy":"post_tag","embeddable":true,"href":"https:\/\/obscom.intervozes.org.br\/index.php?rest_route=%2Fwp%2Fv2%2Ftags&post=23637"}],"curies":[{"name":"wp","href":"https:\/\/api.w.org\/{rel}","templated":true}]}}