{"id":23631,"date":"2009-11-25T12:29:59","date_gmt":"2009-11-25T12:29:59","guid":{"rendered":"https:\/\/obscom.intervozes.org.br\/wordpress\/?p=23631"},"modified":"2015-08-30T15:19:13","modified_gmt":"2015-08-30T15:19:13","slug":"convergencia-tecnologica-e-tema-do-primeiro-volume-de-serie-de-especiais","status":"publish","type":"post","link":"https:\/\/obscom.intervozes.org.br\/?p=23631","title":{"rendered":"Converg\u00eancia tecnol\u00f3gica \u00e9 tema do primeiro volume de s\u00e9rie de especiais"},"content":{"rendered":"<p> \t \t \t \t<!-- \t\t@page { margin: 2cm } \t\tP { margin-bottom: 0.21cm } \t--> \t   <\/p>\n<p class=\"padrao\"><a href=\"http:\/\/localhost\/intervozes_direitoacomunicacao\/wordpress\/?p=18338\" target=\"_blank\">&quot;A Converg&ecirc;ncia Tecnol&oacute;gica e o Direito &agrave; Comunica&ccedil;&atilde;o&quot;<\/a>  &eacute; o primeiro de uma s&eacute;rie de especiais realizados pelo Observat&oacute;rio do Direito &agrave; Comunica&ccedil;&atilde;o como forma de contribuir para a reflex&atilde;o sobre grandes temas do setor, em especial, no momento que antecede a realiza&ccedil;&atilde;o da 1&ordf; Confer&ecirc;ncia Nacional de Comunica&ccedil;&atilde;o (Confecom).<\/p>\n<p>O especial tra&ccedil;a um hist&oacute;rico do processo de converg&ecirc;ncia tecnol&oacute;gica e ressalta que este vai al&eacute;m das novas funcionalidades t&eacute;cnicas que a cada dia se apresentam aos usu&aacute;rios &ndash; produtores e consumidores &ndash; das v&aacute;rias m&iacute;dias. O especial ressalta que a converg&ecirc;ncia envolve a  reconfigura&ccedil;&atilde;o completa das comunica&ccedil;&otilde;es e dos processos de produ&ccedil;&atilde;o, armazenamento e circula&ccedil;&atilde;o da informa&ccedil;&atilde;o e da cultura. <\/p>\n<p>Nesta reconfigura&ccedil;&atilde;o, abrem-se possibilidades positivas e negativas em rela&ccedil;&atilde;o &agrave; garantia do direito humano &agrave; comunica&ccedil;&atilde;o. Por esta raz&atilde;o, o especial atenta &agrave;s diversas facetas da converg&ecirc;ncia, da reestrutura&ccedil;&atilde;o dos grandes atores do mercado nacional e internacional &agrave;s possibilidades t&eacute;cnicas que, bem direcionadas por novos marcos regulat&oacute;rios apropriados, podem levar &agrave; democratiza&ccedil;&atilde;o das m&iacute;dias, tanto em rela&ccedil;&atilde;o &agrave; propriedade dos meios quanto na multiplica&ccedil;&atilde;o dos produtores de comunica&ccedil;&atilde;o.<strong><\/p>\n<p>S&eacute;rie Debates Fundamentais &#8211; Observat&oacute;rio do Direito &agrave; Comunica&ccedil;&atilde;o<\/strong><em><br \/><a href=\"http:\/\/localhost\/intervozes_direitoacomunicacao\/wordpress\/?p=18338\" target=\"_blank\">A Converg&ecirc;ncia Tecnol&oacute;gica e o Direito &agrave; Comunica&ccedil;&atilde;o<\/a> <\/em><br \/>Pesquisa e reda&ccedil;&atilde;o: Jonas Valente<br \/>Assistente de pesquisa: Luanne Batista<br \/>Revis&atilde;o: Bia Barbosa<br \/>Projeto gr&aacute;fico e diagrama&ccedil;&atilde;o: Henrique Costa<br \/>Novembro\/2009<\/p>\n","protected":false},"excerpt":{"rendered":"<p>&quot;A Converg&ecirc;ncia Tecnol&oacute;gica e o Direito &agrave; Comunica&ccedil;&atilde;o&quot; &eacute; o primeiro de uma s&eacute;rie de especiais realizados pelo Observat&oacute;rio do Direito &agrave; Comunica&ccedil;&atilde;o como forma de contribuir para a reflex&atilde;o sobre grandes temas do setor, em especial, no momento que antecede a realiza&ccedil;&atilde;o da 1&ordf; Confer&ecirc;ncia Nacional de Comunica&ccedil;&atilde;o (Confecom). O especial tra&ccedil;a um hist&oacute;rico &hellip; <a href=\"https:\/\/obscom.intervozes.org.br\/?p=23631\" class=\"more-link\">Continue lendo <span class=\"screen-reader-text\">Converg\u00eancia tecnol\u00f3gica \u00e9 tema do primeiro volume de s\u00e9rie de especiais<\/span> <span class=\"meta-nav\">&rarr;<\/span><\/a><\/p>\n","protected":false},"author":1,"featured_media":0,"comment_status":"open","ping_status":"open","sticky":false,"template":"","format":"standard","meta":{"footnotes":""},"categories":[1830],"tags":[1164],"_links":{"self":[{"href":"https:\/\/obscom.intervozes.org.br\/index.php?rest_route=\/wp\/v2\/posts\/23631"}],"collection":[{"href":"https:\/\/obscom.intervozes.org.br\/index.php?rest_route=\/wp\/v2\/posts"}],"about":[{"href":"https:\/\/obscom.intervozes.org.br\/index.php?rest_route=\/wp\/v2\/types\/post"}],"author":[{"embeddable":true,"href":"https:\/\/obscom.intervozes.org.br\/index.php?rest_route=\/wp\/v2\/users\/1"}],"replies":[{"embeddable":true,"href":"https:\/\/obscom.intervozes.org.br\/index.php?rest_route=%2Fwp%2Fv2%2Fcomments&post=23631"}],"version-history":[{"count":1,"href":"https:\/\/obscom.intervozes.org.br\/index.php?rest_route=\/wp\/v2\/posts\/23631\/revisions"}],"predecessor-version":[{"id":28057,"href":"https:\/\/obscom.intervozes.org.br\/index.php?rest_route=\/wp\/v2\/posts\/23631\/revisions\/28057"}],"wp:attachment":[{"href":"https:\/\/obscom.intervozes.org.br\/index.php?rest_route=%2Fwp%2Fv2%2Fmedia&parent=23631"}],"wp:term":[{"taxonomy":"category","embeddable":true,"href":"https:\/\/obscom.intervozes.org.br\/index.php?rest_route=%2Fwp%2Fv2%2Fcategories&post=23631"},{"taxonomy":"post_tag","embeddable":true,"href":"https:\/\/obscom.intervozes.org.br\/index.php?rest_route=%2Fwp%2Fv2%2Ftags&post=23631"}],"curies":[{"name":"wp","href":"https:\/\/api.w.org\/{rel}","templated":true}]}}