{"id":23628,"date":"2009-11-24T19:53:41","date_gmt":"2009-11-24T19:53:41","guid":{"rendered":"https:\/\/obscom.intervozes.org.br\/wordpress\/?p=23628"},"modified":"2009-11-24T19:53:41","modified_gmt":"2009-11-24T19:53:41","slug":"conferencia-de-sp-aprova-repudio-ao-governador-jose-serra","status":"publish","type":"post","link":"https:\/\/obscom.intervozes.org.br\/?p=23628","title":{"rendered":"Confer\u00eancia de SP aprova rep\u00fadio ao governador Jos\u00e9 Serra"},"content":{"rendered":"<p><span class=\"padrao\">S&Atilde;O PAULO &#8211; &ldquo;Apesar de Jos&eacute; Serra, n&oacute;s realizamos a 1&ordf; Confer&ecirc;ncia de Comunica&ccedil;&atilde;o de S&atilde;o Paulo!&rdquo;. Seguido por gritos de aprova&ccedil;&atilde;o e uma longa salva de palmas no plen&aacute;rio da Assembl&eacute;ia Legislativa, o desabafo da representante da sociedade civil Terezinha Vicente Ferreira simbolizou o rep&uacute;dio manifestado pelas centenas de pessoas que participaram da confer&ecirc;ncia estadual &agrave; falta de apoio do Governo de S&atilde;o Paulo para a realiza&ccedil;&atilde;o do evento.<\/p>\n<p>Ao propor uma mo&ccedil;&atilde;o de rep&uacute;dio a Jos&eacute; Serra que foi aprovada por cerca de 90% do plen&aacute;rio, Terezinha n&atilde;o poupou cr&iacute;ticas ao tucano: &ldquo;&Eacute; uma grande falta de compromisso com a hist&oacute;ria o governador n&atilde;o apoiar esse importante debate sobre comunica&ccedil;&atilde;o no estado. A confer&ecirc;ncia paulista somente aconteceu gra&ccedil;as ao empenho de parlamentares, de prefeituras municipais e dos movimentos sociais organizados pela democratiza&ccedil;&atilde;o da comunica&ccedil;&atilde;o&rdquo;, disse.<\/p>\n<p>O texto da mo&ccedil;&atilde;o afirma que &ldquo;a 1&ordf; Confer&ecirc;ncia Nacional de Comunica&ccedil;&atilde;o de S&atilde;o Paulo, convocada por decreto do presidente Luiz In&aacute;cio Lula da Silva, n&atilde;o teve pelo Governo de S&atilde;o Paulo o apoio para sua concretiza&ccedil;&atilde;o em nosso estado. O governo Serra repassou aos deputados a obriga&ccedil;&atilde;o democr&aacute;tica de convocar a discuss&atilde;o sobre a comunica&ccedil;&atilde;o em S&atilde;o Paulo, eximindo-se da responsabilidade enquanto poder p&uacute;blico executivo e n&atilde;o garantindo a estrutura necess&aacute;ria para que a sociedade paulista tenha garantido o seu direito de participar dignamente da etapa preparat&oacute;ria em &acirc;mbito estadual&rdquo;.<\/p>\n<p>No documento aprovado, Serra tamb&eacute;m &eacute; criticado por n&atilde;o privilegiar a participa&ccedil;&atilde;o popular na elabora&ccedil;&atilde;o de pol&iacute;ticas p&uacute;blicas: &ldquo;Esta n&atilde;o &eacute; a primeira vez que o Governo de S&atilde;o Paulo desrespeita a participa&ccedil;&atilde;o da sociedade nas discuss&otilde;es de pol&iacute;ticas p&uacute;blicas e nega apoio para a realiza&ccedil;&atilde;o de confer&ecirc;ncias. O mesmo aconteceu nas confer&ecirc;ncias de Meio Ambiente e de Sa&uacute;de. T&ecirc;m sido comuns as dificuldades e o desrespeito por parte do Governo de S&atilde;o Paulo em rela&ccedil;&atilde;o &agrave; participa&ccedil;&atilde;o popular na defini&ccedil;&atilde;o de pol&iacute;ticas p&uacute;blicas&rdquo;, diz o texto.<\/p>\n<p>Os participantes da confer&ecirc;ncia paulista aprovaram tamb&eacute;m outras mo&ccedil;&otilde;es de rep&uacute;dio, dirigidas &agrave; baixa qualidade da programa&ccedil;&atilde;o da tev&ecirc; aberta, &agrave; forma discriminat&oacute;ria como s&atilde;o tratadas as mulheres pela grande m&iacute;dia, &agrave; forma&ccedil;&atilde;o de cart&eacute;is e grandes conglomerados de m&iacute;dia, &agrave; criminaliza&ccedil;&atilde;o dos movimentos sociais, ao fim do diploma de jornalismo e ao fechamento de r&aacute;dios comunit&aacute;rias pela Pol&iacute;cia Federal e a Ag&ecirc;ncia Nacional de Telecomunica&ccedil;&otilde;es (Anatel), entre outras. Tamb&eacute;m foram aprovadas mo&ccedil;&otilde;es de apoio &agrave; causa palestina, &agrave; difus&atilde;o da cultura digital e &agrave; abertura dos arquivos da ditadura, entre outras.<\/p>\n<p><strong>Acordo in&eacute;dito<\/strong><\/p>\n<p>Outro dado importante da confer&ecirc;ncia realizada em S&atilde;o Paulo foi o fechamento de uma chapa de consenso no setor empresarial, fato que ainda n&atilde;o havia acontecido em nenhuma outra etapa estadual da Confer&ecirc;ncia Nacional de Comunica&ccedil;&atilde;o. Gra&ccedil;as ao acordo, pequenos empres&aacute;rios da m&iacute;dia alternativa levar&atilde;o 20 delegados &agrave; Bras&iacute;lia: &ldquo;H&aacute; uma enorme representatividade nesta chapa, que reflete a diversidade de opini&otilde;es que a confer&ecirc;ncia de S&atilde;o Paulo levar&aacute; &agrave; confer&ecirc;ncia nacional&rdquo;, afirma Renato Rovai, diretor da revista F&oacute;rum.<\/p>\n<p>Boicotado pelos grandes ve&iacute;culos reunidos na Associa&ccedil;&atilde;o Brasileira de Empresas de R&aacute;dio e Televis&atilde;o (Abert) e na Associa&ccedil;&atilde;o Nacional de Jornais (ANJ), o processo da confer&ecirc;ncia de comunica&ccedil;&atilde;o contou em S&atilde;o Paulo com importante colabora&ccedil;&atilde;o da Associa&ccedil;&atilde;o Brasileira de Radiodifusores (Abra), que re&uacute;ne Bandeirantes e Rede TV, al&eacute;m de dezenas de representantes de empresas de telecomunica&ccedil;&otilde;es como Oi, Claro e Vivo.<\/p>\n<p>&ldquo;O acordo que foi feito aqui entre os pequenos empres&aacute;rios e duas empresas relativamente grandes como a Bandeirantes e a Rede TV &#8211; e as teles que s&atilde;o poderos&iacute;ssimas &#8211; faz parte de um processo de mudan&ccedil;as em curso no Brasil. Eles foram obrigados a reconhecer a import&acirc;ncia desse pequeno n&uacute;cleo de empres&aacute;rios. O esqueleto da comunica&ccedil;&atilde;o saiu do arm&aacute;rio&rdquo;, afirma o diretor-executivo da Carta Maior, Joaquim Ernesto Palhares.<\/p>\n<p>O processo de mudan&ccedil;as, segundo Palhares, ocorre em toda a Am&eacute;rica Latina e dificilmente ser&aacute; detido no Brasil: &ldquo;Ap&oacute;s a realiza&ccedil;&atilde;o da confer&ecirc;ncia nacional, a comunica&ccedil;&atilde;o no pa&iacute;s passar&aacute; a um outro patamar. A pr&oacute;pria Rede Globo, assim como os jornal&otilde;es, n&atilde;o ser&atilde;o mais os mesmos. A coisa come&ccedil;a a se movimentar no sentido de dar uma solu&ccedil;&atilde;o para a comunica&ccedil;&atilde;o no Brasil e na Am&eacute;rica Latina. Isso provocar&aacute; uma transforma&ccedil;&atilde;o na correla&ccedil;&atilde;o de for&ccedil;as e far&aacute; com que determinadas mudan&ccedil;as que hoje s&atilde;o tidas como imposs&iacute;veis pelas grandes empresas passem a ser aceitas&rdquo;.<br \/><strong><br \/>&ldquo;Confer&ecirc;ncia &eacute; crucial&rdquo;<br \/><\/strong><br \/>Para o chefe da delega&ccedil;&atilde;o da Abra, Walter Ceneviva, ignorar a Confer&ecirc;ncia Nacional de Comunica&ccedil;&atilde;o, como fazem as outras entidades representativas da grande m&iacute;dia, n&atilde;o &eacute; uma boa id&eacute;ia: &ldquo;A Abra entende que participar dessa confer&ecirc;ncia &eacute; crucial e determinante. A gente se organizou e se estruturou para fazer essa participa&ccedil;&atilde;o e contamos que nossos profissionais ir&atilde;o fazer um bom papel na confer&ecirc;ncia nacional&rdquo;.<\/p>\n<p>Ceneviva se disse satisfeito com o resultado da confer&ecirc;ncia em S&atilde;o Paulo: &ldquo;A import&acirc;ncia maior da confer&ecirc;ncia estadual era estimular o debate no &acirc;mbito regional e eleger os delegados que ir&atilde;o &agrave; Bras&iacute;lia. Os dois objetivos foram atingidos porque houve muito debate e os delegados est&atilde;o eleitos&rdquo;, disse.<\/p>\n<p>O representante da Abra espera que o entendimento entre os empres&aacute;rios acontecido em S&atilde;o Paulo se repita em Bras&iacute;lia: &ldquo;Nossa expectativa para a confer&ecirc;ncia nacional &eacute; aprofundar as discuss&otilde;es. A nossa esperan&ccedil;a, mais do que o nosso progn&oacute;stico, &eacute; de que os debates sejam menos panflet&aacute;rios e mais concretos, de tal maneira que, ao contr&aacute;rio de outras confer&ecirc;ncias estaduais, ao inv&eacute;s de a gente simplesmente produzir propostas que n&atilde;o virem realidade, a gente seja capaz de desenhar o sonho de longo prazo e um plano concreto e efetivo para realizar esse sonho etapa por etapa&rdquo;.<\/span><\/p>\n","protected":false},"excerpt":{"rendered":"<p>S&Atilde;O PAULO &#8211; &ldquo;Apesar de Jos&eacute; Serra, n&oacute;s realizamos a 1&ordf; Confer&ecirc;ncia de Comunica&ccedil;&atilde;o de S&atilde;o Paulo!&rdquo;. Seguido por gritos de aprova&ccedil;&atilde;o e uma longa salva de palmas no plen&aacute;rio da Assembl&eacute;ia Legislativa, o desabafo da representante da sociedade civil Terezinha Vicente Ferreira simbolizou o rep&uacute;dio manifestado pelas centenas de pessoas que participaram da confer&ecirc;ncia &hellip; <a href=\"https:\/\/obscom.intervozes.org.br\/?p=23628\" class=\"more-link\">Continue lendo <span class=\"screen-reader-text\">Confer\u00eancia de SP aprova rep\u00fadio ao governador Jos\u00e9 Serra<\/span> <span class=\"meta-nav\">&rarr;<\/span><\/a><\/p>\n","protected":false},"author":1,"featured_media":0,"comment_status":"open","ping_status":"open","sticky":false,"template":"","format":"standard","meta":{"footnotes":""},"categories":[40],"tags":[1162],"_links":{"self":[{"href":"https:\/\/obscom.intervozes.org.br\/index.php?rest_route=\/wp\/v2\/posts\/23628"}],"collection":[{"href":"https:\/\/obscom.intervozes.org.br\/index.php?rest_route=\/wp\/v2\/posts"}],"about":[{"href":"https:\/\/obscom.intervozes.org.br\/index.php?rest_route=\/wp\/v2\/types\/post"}],"author":[{"embeddable":true,"href":"https:\/\/obscom.intervozes.org.br\/index.php?rest_route=\/wp\/v2\/users\/1"}],"replies":[{"embeddable":true,"href":"https:\/\/obscom.intervozes.org.br\/index.php?rest_route=%2Fwp%2Fv2%2Fcomments&post=23628"}],"version-history":[{"count":0,"href":"https:\/\/obscom.intervozes.org.br\/index.php?rest_route=\/wp\/v2\/posts\/23628\/revisions"}],"wp:attachment":[{"href":"https:\/\/obscom.intervozes.org.br\/index.php?rest_route=%2Fwp%2Fv2%2Fmedia&parent=23628"}],"wp:term":[{"taxonomy":"category","embeddable":true,"href":"https:\/\/obscom.intervozes.org.br\/index.php?rest_route=%2Fwp%2Fv2%2Fcategories&post=23628"},{"taxonomy":"post_tag","embeddable":true,"href":"https:\/\/obscom.intervozes.org.br\/index.php?rest_route=%2Fwp%2Fv2%2Ftags&post=23628"}],"curies":[{"name":"wp","href":"https:\/\/api.w.org\/{rel}","templated":true}]}}