{"id":23617,"date":"2009-11-23T16:14:36","date_gmt":"2009-11-23T16:14:36","guid":{"rendered":"https:\/\/obscom.intervozes.org.br\/wordpress\/?p=23617"},"modified":"2009-11-23T16:14:36","modified_gmt":"2009-11-23T16:14:36","slug":"qualificacao-profissional-e-debatida-em-goias","status":"publish","type":"post","link":"https:\/\/obscom.intervozes.org.br\/?p=23617","title":{"rendered":"Qualifica\u00e7\u00e3o profissional \u00e9 debatida em Goi\u00e1s"},"content":{"rendered":"<p><span class=\"padrao\">A proposta de cria&ccedil;&atilde;o de centros regionais de qualifica&ccedil;&atilde;o para profissionais da &aacute;rea do audiovisual foi objeto de consenso no &uacute;ltimo dia de debates da Confer&ecirc;ncia Estadual de Comunica&ccedil;&atilde;o de Goi&aacute;s (Conecom-GO), neste domingo, dia 22. O evento estadual vai encaminhar propostas &agrave; Comiss&atilde;o Organizadora Nacional (CON) da 1&ordf; Confer&ecirc;ncia Nacional de Comunica&ccedil;&atilde;o (1&ordf; Confecom), programada para o Centro de Conven&ccedil;&otilde;es Ulysses Guimar&atilde;es, em Bras&iacute;lia, entre os dias 14 e 17 de dezembro.<\/p>\n<p>Apresentada pelo segmento da sociedade civil empresarial, a proposta foi defendida de maneira un&acirc;nime por todos os outros segmentos presentes no evento (sociedade civil e poder p&uacute;blico). Para Alberto Carlos, diretor de expans&atilde;o do Sistema Fonte de Comunica&ccedil;&atilde;o, a falta de t&eacute;cnicos no mercado local afeta diretamente a qualidade da programa&ccedil;&atilde;o regional. &ldquo;N&atilde;o adianta estabelecer uma cota para a produ&ccedil;&atilde;o local e n&atilde;o investir na qualidade desses produtos&rdquo;.<\/p>\n<p>Ele lembra que s&atilde;o altos os custos para investir em um profissional. &ldquo;N&atilde;o temos centros de forma&ccedil;&atilde;o profissional nessa &aacute;rea em nosso estado. As grandes escolas est&atilde;o todas no eixo Rio-S&atilde;o Paulo. Enviar uma pessoa para l&aacute; encarece muito o investimento&rdquo;.<\/p>\n<p>Maria Jos&eacute; Braga, secret&aacute;ria-geral da Federa&ccedil;&atilde;o Nacional dos Jornalistas (Fenaj), concordou, mas fez uma ressalva. &ldquo;Em vez de criar uma nova estrutura, o governo poderia fomentar a cria&ccedil;&atilde;o e amplia&ccedil;&atilde;o desses cursos em espa&ccedil;os que j&aacute; existem, como as universidades e escolas p&uacute;blicas&rdquo;.<\/p>\n<p>No entanto, Maria Jos&eacute; reconhece o impacto que a medida teria na produ&ccedil;&atilde;o regional. &ldquo;Uma maior presen&ccedil;a de profissionais atuando no mercado geraria um grande est&iacute;mulo &agrave; produ&ccedil;&atilde;o e veicula&ccedil;&atilde;o de conte&uacute;do local&rdquo;.<\/p>\n<p>A Conecom-GO encerrou ontem as suas atividades elegendo um corpo de 50 delegados (22 da sociedade civil, 22 da sociedade civil empresarial e seis do poder p&uacute;blico) que ir&atilde;o em dezembro a Bras&iacute;lia representar o estado na 1&ordf; Confecom.<br \/><\/span><\/p>\n","protected":false},"excerpt":{"rendered":"<p>A proposta de cria&ccedil;&atilde;o de centros regionais de qualifica&ccedil;&atilde;o para profissionais da &aacute;rea do audiovisual foi objeto de consenso no &uacute;ltimo dia de debates da Confer&ecirc;ncia Estadual de Comunica&ccedil;&atilde;o de Goi&aacute;s (Conecom-GO), neste domingo, dia 22. O evento estadual vai encaminhar propostas &agrave; Comiss&atilde;o Organizadora Nacional (CON) da 1&ordf; Confer&ecirc;ncia Nacional de Comunica&ccedil;&atilde;o (1&ordf; Confecom), &hellip; <a href=\"https:\/\/obscom.intervozes.org.br\/?p=23617\" class=\"more-link\">Continue lendo <span class=\"screen-reader-text\">Qualifica\u00e7\u00e3o profissional \u00e9 debatida em Goi\u00e1s<\/span> <span class=\"meta-nav\">&rarr;<\/span><\/a><\/p>\n","protected":false},"author":1,"featured_media":0,"comment_status":"open","ping_status":"open","sticky":false,"template":"","format":"standard","meta":{"footnotes":""},"categories":[40],"tags":[1160],"_links":{"self":[{"href":"https:\/\/obscom.intervozes.org.br\/index.php?rest_route=\/wp\/v2\/posts\/23617"}],"collection":[{"href":"https:\/\/obscom.intervozes.org.br\/index.php?rest_route=\/wp\/v2\/posts"}],"about":[{"href":"https:\/\/obscom.intervozes.org.br\/index.php?rest_route=\/wp\/v2\/types\/post"}],"author":[{"embeddable":true,"href":"https:\/\/obscom.intervozes.org.br\/index.php?rest_route=\/wp\/v2\/users\/1"}],"replies":[{"embeddable":true,"href":"https:\/\/obscom.intervozes.org.br\/index.php?rest_route=%2Fwp%2Fv2%2Fcomments&post=23617"}],"version-history":[{"count":0,"href":"https:\/\/obscom.intervozes.org.br\/index.php?rest_route=\/wp\/v2\/posts\/23617\/revisions"}],"wp:attachment":[{"href":"https:\/\/obscom.intervozes.org.br\/index.php?rest_route=%2Fwp%2Fv2%2Fmedia&parent=23617"}],"wp:term":[{"taxonomy":"category","embeddable":true,"href":"https:\/\/obscom.intervozes.org.br\/index.php?rest_route=%2Fwp%2Fv2%2Fcategories&post=23617"},{"taxonomy":"post_tag","embeddable":true,"href":"https:\/\/obscom.intervozes.org.br\/index.php?rest_route=%2Fwp%2Fv2%2Ftags&post=23617"}],"curies":[{"name":"wp","href":"https:\/\/api.w.org\/{rel}","templated":true}]}}