{"id":23615,"date":"2009-11-23T16:11:26","date_gmt":"2009-11-23T16:11:26","guid":{"rendered":"https:\/\/obscom.intervozes.org.br\/wordpress\/?p=23615"},"modified":"2009-11-23T16:11:26","modified_gmt":"2009-11-23T16:11:26","slug":"radios-comunitarias-geram-debate-em-joao-pessoa","status":"publish","type":"post","link":"https:\/\/obscom.intervozes.org.br\/?p=23615","title":{"rendered":"R\u00e1dios comunit\u00e1rias geram debate em Jo\u00e3o Pessoa"},"content":{"rendered":"<p><span class=\"padrao\">O eixo tem&aacute;tico Meios de distribui&ccedil;&atilde;o, principalmente no que se refere &agrave;s r&aacute;dios comunit&aacute;rias, foi o assunto que gerou o maior n&uacute;mero de debates neste s&aacute;bado, dia 21, na Confer&ecirc;ncia Estadual de Comunica&ccedil;&atilde;o da Para&iacute;ba (Conecom-PB). O evento &eacute; preparat&oacute;rio para a 1&ordf; Confer&ecirc;ncia Nacional de Comunica&ccedil;&atilde;o (1&ordf; Confecom), que acontece de 14 a 17 de dezembro, em Bras&iacute;lia.<\/p>\n<p>Entre os temas mais discutidos neste segundo dia de Conecom-PB destacaram-se o papel das r&aacute;dios comunit&aacute;rias e seus meios de financiamento. Os debates aconteceram, principalmente, entre representantes da sociedade civil e da sociedade civil empresarial.<\/p>\n<p>Para Ricardson Dias, da R&aacute;dio Diversidade, a Confer&ecirc;ncia &eacute; uma boa oportunidade para defender as propostas feitas nas confer&ecirc;ncias municipais. &quot;Encontramos muitos representantes do segmento empresarial na Conecom. Temos muito para avan&ccedil;ar ainda, principalmente em quest&otilde;es relacionadas &agrave; municipaliza&ccedil;&atilde;o das concess&otilde;es e anistia dos processos contra as r&aacute;dios comunit&aacute;rias&quot;, observou.<\/p>\n<p>O presidente da Associa&ccedil;&atilde;o Nacional de Inclus&atilde;o Digital (Anid), Percival Henriques, fez uma avalia&ccedil;&atilde;o das discuss&otilde;es nos grupos de trabalho. &quot;O debate foi bem encaminhado, com toler&acirc;ncia de opini&otilde;es divergentes e ambiente bastante democr&aacute;tico&quot;, observou.<\/p>\n<p>As propostas relacionadas a &oacute;rg&atilde;os reguladores e fiscaliza&ccedil;&atilde;o dos meios de comunica&ccedil;&atilde;o tamb&eacute;m geraram discuss&otilde;es entre os segmentos presentes na Confer&ecirc;ncia. A Conecom-PB termina neste s&aacute;bado, ap&oacute;s dois dias de trabalho, com a apresenta&ccedil;&atilde;o das propostas &agrave; plen&aacute;ria e elei&ccedil;&atilde;o dos 36 delegados que ir&atilde;o &agrave; Confecom representando o estado (16 representando sociedade civil, 16 pela sociedade civil empresarial e quatro do poder p&uacute;blico). <\/span><\/p>\n","protected":false},"excerpt":{"rendered":"<p>O eixo tem&aacute;tico Meios de distribui&ccedil;&atilde;o, principalmente no que se refere &agrave;s r&aacute;dios comunit&aacute;rias, foi o assunto que gerou o maior n&uacute;mero de debates neste s&aacute;bado, dia 21, na Confer&ecirc;ncia Estadual de Comunica&ccedil;&atilde;o da Para&iacute;ba (Conecom-PB). O evento &eacute; preparat&oacute;rio para a 1&ordf; Confer&ecirc;ncia Nacional de Comunica&ccedil;&atilde;o (1&ordf; Confecom), que acontece de 14 a 17 &hellip; <a href=\"https:\/\/obscom.intervozes.org.br\/?p=23615\" class=\"more-link\">Continue lendo <span class=\"screen-reader-text\">R\u00e1dios comunit\u00e1rias geram debate em Jo\u00e3o Pessoa<\/span> <span class=\"meta-nav\">&rarr;<\/span><\/a><\/p>\n","protected":false},"author":1,"featured_media":0,"comment_status":"open","ping_status":"open","sticky":false,"template":"","format":"standard","meta":{"footnotes":""},"categories":[40],"tags":[1113],"_links":{"self":[{"href":"https:\/\/obscom.intervozes.org.br\/index.php?rest_route=\/wp\/v2\/posts\/23615"}],"collection":[{"href":"https:\/\/obscom.intervozes.org.br\/index.php?rest_route=\/wp\/v2\/posts"}],"about":[{"href":"https:\/\/obscom.intervozes.org.br\/index.php?rest_route=\/wp\/v2\/types\/post"}],"author":[{"embeddable":true,"href":"https:\/\/obscom.intervozes.org.br\/index.php?rest_route=\/wp\/v2\/users\/1"}],"replies":[{"embeddable":true,"href":"https:\/\/obscom.intervozes.org.br\/index.php?rest_route=%2Fwp%2Fv2%2Fcomments&post=23615"}],"version-history":[{"count":0,"href":"https:\/\/obscom.intervozes.org.br\/index.php?rest_route=\/wp\/v2\/posts\/23615\/revisions"}],"wp:attachment":[{"href":"https:\/\/obscom.intervozes.org.br\/index.php?rest_route=%2Fwp%2Fv2%2Fmedia&parent=23615"}],"wp:term":[{"taxonomy":"category","embeddable":true,"href":"https:\/\/obscom.intervozes.org.br\/index.php?rest_route=%2Fwp%2Fv2%2Fcategories&post=23615"},{"taxonomy":"post_tag","embeddable":true,"href":"https:\/\/obscom.intervozes.org.br\/index.php?rest_route=%2Fwp%2Fv2%2Ftags&post=23615"}],"curies":[{"name":"wp","href":"https:\/\/api.w.org\/{rel}","templated":true}]}}