{"id":23612,"date":"2009-11-23T16:06:14","date_gmt":"2009-11-23T16:06:14","guid":{"rendered":"https:\/\/obscom.intervozes.org.br\/wordpress\/?p=23612"},"modified":"2009-11-23T16:06:14","modified_gmt":"2009-11-23T16:06:14","slug":"conteudo-regionalizado-e-acesso-a-internet-sao-destaque-em-sergipe","status":"publish","type":"post","link":"https:\/\/obscom.intervozes.org.br\/?p=23612","title":{"rendered":"Conte\u00fado regionalizado e acesso \u00e0 internet s\u00e3o destaque em Sergipe"},"content":{"rendered":"<p><span class=\"padrao\">A regionaliza&ccedil;&atilde;o na programa&ccedil;&atilde;o e a democratiza&ccedil;&atilde;o do acesso &agrave; banda larga foram temas exaustivamente discutidos ao longo da Confer&ecirc;ncia Estadual de Comunica&ccedil;&atilde;o (Conecom-SE), em Aracaju, Sergipe. As plen&aacute;rias terminam no final da tarde desta sexta-feira, 20 de novembro, com a participa&ccedil;&atilde;o de 403 inscritos. As 181 propostas elaboradas na Conecom-SE ser&atilde;o enviadas &agrave; Comiss&atilde;o Organizadora Nacional (CON) da 1&ordf; Confer&ecirc;ncia Nacional de Comunica&ccedil;&atilde;o (1&ordf; Confecom), que acontece entre os dias 14 a 17 de dezembro, em Bras&iacute;lia. <\/p>\n<p>Os grupos de trabalho foram divididos pelos tr&ecirc;s eixos tem&aacute;ticos pr&eacute;-estabelecidos pela CON. O grupo &ldquo;Produ&ccedil;&atilde;o de conte&uacute;do&rdquo; apresentou 47 propostas, com &ecirc;nfase maior na elabora&ccedil;&atilde;o de pol&iacute;ticas p&uacute;blicas que garantam o acesso &agrave; internet de banda larga, especialmente no caso de comunidades rurais.<\/p>\n<p>Os participantes do grupo Meios de distribui&ccedil;&atilde;o, portadores de 40 propostas, debateram sobre a import&acirc;ncia de uma maior regionaliza&ccedil;&atilde;o do conte&uacute;do da grade de programa&ccedil;&atilde;o da TV aberta e da cria&ccedil;&atilde;o de uma Lei Geral de Radiodifus&atilde;o, in&eacute;dita no Brasil.<\/p>\n<p>&quot;O que h&aacute; hoje em dia &eacute; uma esp&eacute;cie de sistema de franquia, onde as filiais apenas reproduzem o conte&uacute;do da matriz. Defendemos um Brasil com sotaque ga&uacute;cho, baiano, mineiro, n&atilde;o apenas paulista e carioca&quot;, ponderou Jos&eacute; Soter, coordenador executivo da Associa&ccedil;&atilde;o Brasileira de Radiodifus&atilde;o Comunit&aacute;ria (Abra&ccedil;o).<\/p>\n<p>As discuss&otilde;es do eixo &ldquo;Cidadania: direitos e deveres&rdquo; renderam 94 propostas, com &ecirc;nfase na urg&ecirc;ncia de uma Lei Geral de Radiodifus&atilde;o que funcione como marco regulat&oacute;rio para meios de comunica&ccedil;&atilde;o p&uacute;blicos, privados e estatais.<\/p>\n<p>Os participantes da Conecom-SE elegeram ainda os 23 delegados que representar&atilde;o Sergipe durante a 1&ordf; Confecom, sendo 10 representantes da sociedade civil, 10 da sociedade civil empresarial e tr&ecirc;s do poder p&uacute;blico.<\/span><\/p>\n","protected":false},"excerpt":{"rendered":"<p>A regionaliza&ccedil;&atilde;o na programa&ccedil;&atilde;o e a democratiza&ccedil;&atilde;o do acesso &agrave; banda larga foram temas exaustivamente discutidos ao longo da Confer&ecirc;ncia Estadual de Comunica&ccedil;&atilde;o (Conecom-SE), em Aracaju, Sergipe. As plen&aacute;rias terminam no final da tarde desta sexta-feira, 20 de novembro, com a participa&ccedil;&atilde;o de 403 inscritos. As 181 propostas elaboradas na Conecom-SE ser&atilde;o enviadas &agrave; Comiss&atilde;o &hellip; <a href=\"https:\/\/obscom.intervozes.org.br\/?p=23612\" class=\"more-link\">Continue lendo <span class=\"screen-reader-text\">Conte\u00fado regionalizado e acesso \u00e0 internet s\u00e3o destaque em Sergipe<\/span> <span class=\"meta-nav\">&rarr;<\/span><\/a><\/p>\n","protected":false},"author":1,"featured_media":0,"comment_status":"open","ping_status":"open","sticky":false,"template":"","format":"standard","meta":{"footnotes":""},"categories":[40],"tags":[384],"_links":{"self":[{"href":"https:\/\/obscom.intervozes.org.br\/index.php?rest_route=\/wp\/v2\/posts\/23612"}],"collection":[{"href":"https:\/\/obscom.intervozes.org.br\/index.php?rest_route=\/wp\/v2\/posts"}],"about":[{"href":"https:\/\/obscom.intervozes.org.br\/index.php?rest_route=\/wp\/v2\/types\/post"}],"author":[{"embeddable":true,"href":"https:\/\/obscom.intervozes.org.br\/index.php?rest_route=\/wp\/v2\/users\/1"}],"replies":[{"embeddable":true,"href":"https:\/\/obscom.intervozes.org.br\/index.php?rest_route=%2Fwp%2Fv2%2Fcomments&post=23612"}],"version-history":[{"count":0,"href":"https:\/\/obscom.intervozes.org.br\/index.php?rest_route=\/wp\/v2\/posts\/23612\/revisions"}],"wp:attachment":[{"href":"https:\/\/obscom.intervozes.org.br\/index.php?rest_route=%2Fwp%2Fv2%2Fmedia&parent=23612"}],"wp:term":[{"taxonomy":"category","embeddable":true,"href":"https:\/\/obscom.intervozes.org.br\/index.php?rest_route=%2Fwp%2Fv2%2Fcategories&post=23612"},{"taxonomy":"post_tag","embeddable":true,"href":"https:\/\/obscom.intervozes.org.br\/index.php?rest_route=%2Fwp%2Fv2%2Ftags&post=23612"}],"curies":[{"name":"wp","href":"https:\/\/api.w.org\/{rel}","templated":true}]}}