{"id":23608,"date":"2009-11-19T15:49:21","date_gmt":"2009-11-19T15:49:21","guid":{"rendered":"https:\/\/obscom.intervozes.org.br\/wordpress\/?p=23608"},"modified":"2009-11-19T15:49:21","modified_gmt":"2009-11-19T15:49:21","slug":"pedido-de-vista-adia-para-proxima-quarta-a-votacao-do-pl-29","status":"publish","type":"post","link":"https:\/\/obscom.intervozes.org.br\/?p=23608","title":{"rendered":"Pedido de vista adia para pr\u00f3xima quarta a vota\u00e7\u00e3o do PL 29"},"content":{"rendered":"<p><span class=\"padrao\">Como o esperado, um pedido conjunto de vista adiou para a pr&oacute;xima quarta-feira (25) o in&iacute;cio da vota&ccedil;&atilde;o do PL 29\/07, que unifica as regras da TV por assinatura e permite a entrada das teles no setor, na sess&atilde;o de hoje da Comiss&atilde;o de Ci&ecirc;ncia e Tecnologia da C&acirc;mara. A previs&atilde;o do relator da mat&eacute;ria, deputado Paulo Henrique Lustosa (PMDB-CE), &eacute; de que a vota&ccedil;&atilde;o poder&aacute; ser conclu&iacute;da em um &uacute;nico dia, mas admite que alguns pontos ser&atilde;o apreciados separadamente.<\/p>\n<p>Um deles, diz respeito ao sistema de cota de produ&ccedil;&atilde;o nacional. O outro, ao limite de publicidade, que no texto atual est&aacute; igual ao permitido &agrave; TV aberta, de 25% do total da programa&ccedil;&atilde;o. Um terceiro sobre as novas atribui&ccedil;&otilde;es dadas &agrave; Ancine(Ag&ecirc;ncia Nacional de Cinema), de fiscaliza&ccedil;&atilde;o da programa&ccedil;&atilde;o. E o quarto, que trata do fomento a produ&ccedil;&atilde;o nacional, por meio do remanejamento de recursos do Fistel (Fundo de Fiscaliza&ccedil;&atilde;o das Telecomunica&ccedil;&otilde;es) para o Condecine (Contribui&ccedil;&atilde;o para o Desenvolvimento da Ind&uacute;stria Cinematogr&aacute;fica Nacional).<\/p>\n<p>Lustosa disse que ainda est&aacute; avaliando se modifica a quest&atilde;o do fomento. Isto porque, pelo texto apresentado, a Condecine, que era paga basicamente pelos produtores de audiovisual e ag&ecirc;ncias de publicidades, ser&aacute; estendida tamb&eacute;m para os distribuidores,&nbsp; pegando a radiodifus&atilde;o como um todo. A Abert (Associa&ccedil;&atilde;o Brasileira de Emissoras de R&aacute;dio e Televis&atilde;o) j&aacute; solicitou altera&ccedil;&otilde;es no texto, alegando que as emissoras abertas, que prestam um servi&ccedil;o gratuito, n&atilde;o podem arcar com mais um imposto. O relator, entretanto, acha que a ado&ccedil;&atilde;o da contribui&ccedil;&atilde;o para toda a cadeia &eacute; um princ&iacute;pio de isonomia.<\/p>\n<p>J&aacute; na quest&atilde;o das novas atribui&ccedil;&otilde;es da Ancine, n&atilde;o h&aacute; disposi&ccedil;&atilde;o de mudan&ccedil;a por parte do relator. Ele alega que j&aacute; retirou todas as tarefas que havia atribu&iacute;do a essa ag&ecirc;ncia na defesa da concorr&ecirc;ncia e todo tipo de discricionariedade relativa &agrave;rodu&ccedil;&atilde;o, mas acha que esse &oacute;rg&atilde;o &eacute; o melhor qualificado para medir o cumprimento das cotas e do tempo de propaganda. &ldquo;Sem uma inst&acirc;ncia administrativa, haver&aacute; uma judicializa&ccedil;&atilde;o da lei&rdquo;, acredita Lustosa.<\/p>\n<p>Sobre a amplia&ccedil;&atilde;o do tempo de publicidade, inclu&iacute;do no &uacute;ltimo parecer, Lustosa explica que a medida tenta atender aos programadores, que alegam a necessidade de equil&iacute;brio das contas em fun&ccedil;&atilde;o dos gastos extras que ter&atilde;o para cumprir o sistema de cotas. &ldquo;Sei que haver&aacute; destaque sobre esse tema, que recebeu uma s&eacute;rie de emendas, inclusive pedindo a proibi&ccedil;&atilde;o total&rdquo;, disse. Em rela&ccedil;&atilde;o &agrave;s cotas, o relator acha que ningu&eacute;m &eacute; contra, mas h&aacute; diverg&ecirc;ncias apenas sobre a dosagem delas.<\/p>\n<p>Ap&oacute;s a vota&ccedil;&atilde;o na CCT, o projeto ir&aacute; para a Comiss&atilde;o de Constitui&ccedil;&atilde;o e Justi&ccedil;a. Segundo o relator, at&eacute; agora n&atilde;o h&aacute; movimenta&ccedil;&atilde;o para levar o projeto ao plen&aacute;rio antes de ir para o Senado. Lustosa acha que h&aacute; um clima favor&aacute;vel para a vota&ccedil;&atilde;o do projeto. At&eacute; o momento, o cronograma estabelecido pelo relator est&aacute; sendo cumprido.&nbsp; <\/span><\/p>\n","protected":false},"excerpt":{"rendered":"<p>Como o esperado, um pedido conjunto de vista adiou para a pr&oacute;xima quarta-feira (25) o in&iacute;cio da vota&ccedil;&atilde;o do PL 29\/07, que unifica as regras da TV por assinatura e permite a entrada das teles no setor, na sess&atilde;o de hoje da Comiss&atilde;o de Ci&ecirc;ncia e Tecnologia da C&acirc;mara. A previs&atilde;o do relator da mat&eacute;ria, &hellip; <a href=\"https:\/\/obscom.intervozes.org.br\/?p=23608\" class=\"more-link\">Continue lendo <span class=\"screen-reader-text\">Pedido de vista adia para pr\u00f3xima quarta a vota\u00e7\u00e3o do PL 29<\/span> <span class=\"meta-nav\">&rarr;<\/span><\/a><\/p>\n","protected":false},"author":1,"featured_media":0,"comment_status":"open","ping_status":"open","sticky":false,"template":"","format":"standard","meta":{"footnotes":""},"categories":[40],"tags":[556],"_links":{"self":[{"href":"https:\/\/obscom.intervozes.org.br\/index.php?rest_route=\/wp\/v2\/posts\/23608"}],"collection":[{"href":"https:\/\/obscom.intervozes.org.br\/index.php?rest_route=\/wp\/v2\/posts"}],"about":[{"href":"https:\/\/obscom.intervozes.org.br\/index.php?rest_route=\/wp\/v2\/types\/post"}],"author":[{"embeddable":true,"href":"https:\/\/obscom.intervozes.org.br\/index.php?rest_route=\/wp\/v2\/users\/1"}],"replies":[{"embeddable":true,"href":"https:\/\/obscom.intervozes.org.br\/index.php?rest_route=%2Fwp%2Fv2%2Fcomments&post=23608"}],"version-history":[{"count":0,"href":"https:\/\/obscom.intervozes.org.br\/index.php?rest_route=\/wp\/v2\/posts\/23608\/revisions"}],"wp:attachment":[{"href":"https:\/\/obscom.intervozes.org.br\/index.php?rest_route=%2Fwp%2Fv2%2Fmedia&parent=23608"}],"wp:term":[{"taxonomy":"category","embeddable":true,"href":"https:\/\/obscom.intervozes.org.br\/index.php?rest_route=%2Fwp%2Fv2%2Fcategories&post=23608"},{"taxonomy":"post_tag","embeddable":true,"href":"https:\/\/obscom.intervozes.org.br\/index.php?rest_route=%2Fwp%2Fv2%2Ftags&post=23608"}],"curies":[{"name":"wp","href":"https:\/\/api.w.org\/{rel}","templated":true}]}}