{"id":23607,"date":"2009-11-19T15:47:32","date_gmt":"2009-11-19T15:47:32","guid":{"rendered":"https:\/\/obscom.intervozes.org.br\/wordpress\/?p=23607"},"modified":"2009-11-19T15:47:32","modified_gmt":"2009-11-19T15:47:32","slug":"bornhausen-quer-tirar-cotas-e-fomento-a-producao-nacional","status":"publish","type":"post","link":"https:\/\/obscom.intervozes.org.br\/?p=23607","title":{"rendered":"Bornhausen quer tirar cotas e fomento \u00e0 produ\u00e7\u00e3o nacional"},"content":{"rendered":"<p><span class=\"padrao\">O deputado Paulo Bornhausen (DEM-SC) informou hoje que apresentar&aacute; dois destaques ao substitutivo do PL 29\/07, que unifica as regras da TV por assinatura e permite a participa&ccedil;&atilde;o das teles no setor. Ele que a supress&atilde;o dos cap&iacute;tulos cinco (que trata das cotas) e seis (que disp&otilde;e sobre o fomento da produ&ccedil;&atilde;o nacional) do texto.<\/p>\n<p>Bornhausen, autor do projeto original, acha que a ado&ccedil;&atilde;o de cotas &eacute; um atraso, uma pol&iacute;tica discricion&aacute;ria e que n&atilde;o trar&aacute; benef&iacute;cios ao pa&iacute;s. &ldquo;Aparentemente favor&aacute;vel &agrave; produ&ccedil;&atilde;o nacional, o sistema de cotas ao longo do tempo se transformar&aacute; em um privil&eacute;gio dif&iacute;cil de ser retirado&rdquo;, avalia.<\/p>\n<p>Sobre o cap&iacute;tulo seis, o deputado disse que &eacute; contra a cria&ccedil;&atilde;o de mais um imposto. &ldquo;O projeto cria o financiamento para a produ&ccedil;&atilde;o nacional e a obriga&ccedil;&atilde;o para as pessoas que assinam o servi&ccedil;o assistir o que vai ser produzido&rdquo;, sustenta.<\/p>\n<p>Apesar de convicto da melhoria no projeto caso seus destaques sejam aprovados, Bornhausen n&atilde;o tem esperan&ccedil;a de que isso v&aacute; acontecer. &ldquo;Acho muito dif&iacute;cil que eles consigam o apoio do n&uacute;mero suficiente de deputados para a garantir a aprova&ccedil;&atilde;o&rdquo;, disse. Para ele, ningu&eacute;m est&aacute; preocupado com os contribuintes.<\/p>\n<p><strong>ABTA<br \/><\/strong><br \/>O presidente da ABTA (Associa&ccedil;&atilde;o Brasileira de TV por Assinatura), Alexandre Annenberg, tamb&eacute;m &eacute; contr&aacute;rio &agrave;s cotas no PL 29, mas n&atilde;o acredita que elas sejam retiradas. Na sua opini&atilde;o, o pior &eacute; o aumento de atribui&ccedil;&otilde;es da Ancine (Ag&ecirc;ncia Nacional de Cinema), que no texto novo, ter&aacute; a tarefa de medir o cumprimento das cotas e do tempo de propaganda. &ldquo;Esse aspecto n&atilde;o foi discutido suficientemente&rdquo;, disse.<\/p>\n<p>Outra queixa de Annenberg &eacute; o impedimento das operadoras de MMDS de prestarem servi&ccedil;os importantes, como o de banda larga, inclu&iacute;do na &uacute;ltima vers&atilde;o do texto. &ldquo;Acho que os ajustes ter&atilde;o que ser feitos em outras inst&acirc;ncias&rdquo;, disse, admitindo a aprova&ccedil;&atilde;o do projeto na CCT da C&acirc;mara, prevista para a pr&oacute;xima quarta-feira. Ele acha que o debate ser&aacute; reaberto quando a mat&eacute;ria chegar ao Senado.<\/span><\/p>\n","protected":false},"excerpt":{"rendered":"<p>O deputado Paulo Bornhausen (DEM-SC) informou hoje que apresentar&aacute; dois destaques ao substitutivo do PL 29\/07, que unifica as regras da TV por assinatura e permite a participa&ccedil;&atilde;o das teles no setor. Ele que a supress&atilde;o dos cap&iacute;tulos cinco (que trata das cotas) e seis (que disp&otilde;e sobre o fomento da produ&ccedil;&atilde;o nacional) do texto. &hellip; <a href=\"https:\/\/obscom.intervozes.org.br\/?p=23607\" class=\"more-link\">Continue lendo <span class=\"screen-reader-text\">Bornhausen quer tirar cotas e fomento \u00e0 produ\u00e7\u00e3o nacional<\/span> <span class=\"meta-nav\">&rarr;<\/span><\/a><\/p>\n","protected":false},"author":1,"featured_media":0,"comment_status":"open","ping_status":"open","sticky":false,"template":"","format":"standard","meta":{"footnotes":""},"categories":[40],"tags":[556],"_links":{"self":[{"href":"https:\/\/obscom.intervozes.org.br\/index.php?rest_route=\/wp\/v2\/posts\/23607"}],"collection":[{"href":"https:\/\/obscom.intervozes.org.br\/index.php?rest_route=\/wp\/v2\/posts"}],"about":[{"href":"https:\/\/obscom.intervozes.org.br\/index.php?rest_route=\/wp\/v2\/types\/post"}],"author":[{"embeddable":true,"href":"https:\/\/obscom.intervozes.org.br\/index.php?rest_route=\/wp\/v2\/users\/1"}],"replies":[{"embeddable":true,"href":"https:\/\/obscom.intervozes.org.br\/index.php?rest_route=%2Fwp%2Fv2%2Fcomments&post=23607"}],"version-history":[{"count":0,"href":"https:\/\/obscom.intervozes.org.br\/index.php?rest_route=\/wp\/v2\/posts\/23607\/revisions"}],"wp:attachment":[{"href":"https:\/\/obscom.intervozes.org.br\/index.php?rest_route=%2Fwp%2Fv2%2Fmedia&parent=23607"}],"wp:term":[{"taxonomy":"category","embeddable":true,"href":"https:\/\/obscom.intervozes.org.br\/index.php?rest_route=%2Fwp%2Fv2%2Fcategories&post=23607"},{"taxonomy":"post_tag","embeddable":true,"href":"https:\/\/obscom.intervozes.org.br\/index.php?rest_route=%2Fwp%2Fv2%2Ftags&post=23607"}],"curies":[{"name":"wp","href":"https:\/\/api.w.org\/{rel}","templated":true}]}}