{"id":23605,"date":"2009-11-19T13:09:10","date_gmt":"2009-11-19T13:09:10","guid":{"rendered":"https:\/\/obscom.intervozes.org.br\/wordpress\/?p=23605"},"modified":"2009-11-19T13:09:10","modified_gmt":"2009-11-19T13:09:10","slug":"pratica-ilegal-de-subconcessao-sera-debatida-na-camara","status":"publish","type":"post","link":"https:\/\/obscom.intervozes.org.br\/?p=23605","title":{"rendered":"Pr\u00e1tica ilegal de subconcess\u00e3o ser\u00e1 debatida na C\u00e2mara"},"content":{"rendered":"<p><strong>Reproduzido do Tela Viva News<\/strong><\/p>\n<p><span class=\"padrao\">A Comiss&atilde;o de Ci&ecirc;ncia e Tecnologia, Comunica&ccedil;&atilde;o e Inform&aacute;tica (CCTCI) aprovou nesta quarta-feira, 18, requerimento da deputada Luiza Erundina (PSB\/SP) para a realiza&ccedil;&atilde;o de uma audi&ecirc;ncia p&uacute;blica onde ser&aacute; debatida a pr&aacute;tica da subconcess&atilde;o por empresas de radiodifus&atilde;o. Esta pr&aacute;tica consiste em arrendar a concess&atilde;o concedida pela Uni&atilde;o a um terceiro, o que n&atilde;o &eacute; permitido pela lei. Existem suspeitas de que algumas empresas estariam agindo ilegalmente, sublocando as outorgas.<\/p>\n<p>O estopim para a realiza&ccedil;&atilde;o da audi&ecirc;ncia &eacute; um parecer do jurista F&aacute;bio Konder Comparato pela OAB onde o especialista conclui que a pr&aacute;tica &eacute; irregular. &quot;O concession&aacute;rio de servi&ccedil;o p&uacute;blico n&atilde;o pode, de forma alguma, arrendar ou alienar a terceiro sua posi&ccedil;&atilde;o de delegat&aacute;rio do Poder P&uacute;blico&quot;, conclui Comparato em seu parecer. O documento foi enviado &agrave; CCTCI e alertou para a necessidade de uma discuss&atilde;o mais ampla sobre o tema.<\/p>\n<p>O jurista, que preside a Comiss&atilde;o Nacional de Defesa da Rep&uacute;blica e da Democracia da OAB, encabe&ccedil;a a lista de especialistas que devem ser convidados a debater o assunto, em data ainda a ser agendada. &Eacute; esperada a presen&ccedil;a tamb&eacute;m do procurador da Rep&uacute;blica Domingos S&aacute;vio Dresch da Silveira; Br&aacute;ulio Ara&uacute;jo, representante do Coletivo Intervozes; Guilherme Stoliar, diretor de rede do SBT; Alexandre Raposo, presidente da Rede Record; Evandro Guimar&atilde;es, vice-presidente das Organiza&ccedil;&otilde;es Globo e conselheiro da Abert; e Fl&aacute;vio Lara Resende, diretor administrativo da Abra. O Minist&eacute;rio das Comunica&ccedil;&otilde;es tamb&eacute;m ser&aacute; convidado a enviar um representante para o debate. <\/p>\n<p>(<em>Mariana Mazza<\/em>)<br \/><\/span><\/p>\n","protected":false},"excerpt":{"rendered":"<p>Reproduzido do Tela Viva News A Comiss&atilde;o de Ci&ecirc;ncia e Tecnologia, Comunica&ccedil;&atilde;o e Inform&aacute;tica (CCTCI) aprovou nesta quarta-feira, 18, requerimento da deputada Luiza Erundina (PSB\/SP) para a realiza&ccedil;&atilde;o de uma audi&ecirc;ncia p&uacute;blica onde ser&aacute; debatida a pr&aacute;tica da subconcess&atilde;o por empresas de radiodifus&atilde;o. Esta pr&aacute;tica consiste em arrendar a concess&atilde;o concedida pela Uni&atilde;o a um &hellip; <a href=\"https:\/\/obscom.intervozes.org.br\/?p=23605\" class=\"more-link\">Continue lendo <span class=\"screen-reader-text\">Pr\u00e1tica ilegal de subconcess\u00e3o ser\u00e1 debatida na C\u00e2mara<\/span> <span class=\"meta-nav\">&rarr;<\/span><\/a><\/p>\n","protected":false},"author":1,"featured_media":0,"comment_status":"open","ping_status":"open","sticky":false,"template":"","format":"standard","meta":{"footnotes":""},"categories":[39],"tags":[],"_links":{"self":[{"href":"https:\/\/obscom.intervozes.org.br\/index.php?rest_route=\/wp\/v2\/posts\/23605"}],"collection":[{"href":"https:\/\/obscom.intervozes.org.br\/index.php?rest_route=\/wp\/v2\/posts"}],"about":[{"href":"https:\/\/obscom.intervozes.org.br\/index.php?rest_route=\/wp\/v2\/types\/post"}],"author":[{"embeddable":true,"href":"https:\/\/obscom.intervozes.org.br\/index.php?rest_route=\/wp\/v2\/users\/1"}],"replies":[{"embeddable":true,"href":"https:\/\/obscom.intervozes.org.br\/index.php?rest_route=%2Fwp%2Fv2%2Fcomments&post=23605"}],"version-history":[{"count":0,"href":"https:\/\/obscom.intervozes.org.br\/index.php?rest_route=\/wp\/v2\/posts\/23605\/revisions"}],"wp:attachment":[{"href":"https:\/\/obscom.intervozes.org.br\/index.php?rest_route=%2Fwp%2Fv2%2Fmedia&parent=23605"}],"wp:term":[{"taxonomy":"category","embeddable":true,"href":"https:\/\/obscom.intervozes.org.br\/index.php?rest_route=%2Fwp%2Fv2%2Fcategories&post=23605"},{"taxonomy":"post_tag","embeddable":true,"href":"https:\/\/obscom.intervozes.org.br\/index.php?rest_route=%2Fwp%2Fv2%2Ftags&post=23605"}],"curies":[{"name":"wp","href":"https:\/\/api.w.org\/{rel}","templated":true}]}}