{"id":23603,"date":"2009-11-19T13:01:39","date_gmt":"2009-11-19T13:01:39","guid":{"rendered":"https:\/\/obscom.intervozes.org.br\/wordpress\/?p=23603"},"modified":"2009-11-19T13:01:39","modified_gmt":"2009-11-19T13:01:39","slug":"proposta-de-debate-sobre-renovacao-de-outorgas-e-rejeitada-na-camara","status":"publish","type":"post","link":"https:\/\/obscom.intervozes.org.br\/?p=23603","title":{"rendered":"Proposta de debate sobre renova\u00e7\u00e3o de outorgas \u00e9 rejeitada na C\u00e2mara"},"content":{"rendered":"<p><span class=\"padrao\"><strong>Reproduzido do Tela Viva News<\/strong><\/p>\n<p>A Comiss&atilde;o de Ci&ecirc;ncia e Tecnologia, Comunica&ccedil;&atilde;o e Inform&aacute;tica (CCTCI) decidiu nesta quarta-feira, 18, que n&atilde;o debater&aacute; em audi&ecirc;ncia p&uacute;blica a renova&ccedil;&atilde;o das concess&otilde;es de radiodifus&atilde;o para a Rede Record, RBS, TV Cultura e duas afiliadas da Rede Globo, a TV Tocantins e a TV Bauru. A sugest&atilde;o de debater as renova&ccedil;&otilde;es havia partido da deputada Luiza Erundina (PSB\/SP), parlamentar bastante atuante na &aacute;rea de radiodifus&atilde;o. Mas o requerimento acabou sendo rejeitado por que a deputada n&atilde;o &eacute; relatora de nenhum dos processos em tramita&ccedil;&atilde;o, denominados TVRs.<\/p>\n<p>Em seu requerimento, Erundina argumentava sobre a necessidade de um debate sobre o tema at&eacute; mesmo para municiar os relatores das TVRs. No entanto, um ato normativo editado a partir do trabalho da subcomiss&atilde;o de radiodifus&atilde;o, presidida pela pr&oacute;pria Erundina, colocou por terra a iniciativa. O ato normativo n&ordm; 1 define que os relatores das TVRs podem, excepcionalmente, requerer a realiza&ccedil;&atilde;o de audi&ecirc;ncias sobre os processos, mas n&atilde;o faz qualquer cita&ccedil;&atilde;o a pedidos dos demais parlamentares. Com base neste item, o requerimento foi rejeitado por 21 votos contra tr&ecirc;s favor&aacute;veis e uma absten&ccedil;&atilde;o.<\/p>\n<p>Para apaziguar a situa&ccedil;&atilde;o, o deputado Gilmar Machado (PT\/MG), declarou que pretende apresentar um requerimento de realiza&ccedil;&atilde;o de uma audi&ecirc;ncia que abarque todo o processo de renova&ccedil;&atilde;o das concess&otilde;es, escapando da pol&ecirc;mica sobre o debate de outorgas espec&iacute;ficas que est&atilde;o em tramita&ccedil;&atilde;o. A iniciativa deve ser confirmada na pr&oacute;xima semana, segundo o deputado.<\/p>\n<p>(<em>Mariana Mazza<\/em>)<\/span><\/p>\n","protected":false},"excerpt":{"rendered":"<p>Reproduzido do Tela Viva News A Comiss&atilde;o de Ci&ecirc;ncia e Tecnologia, Comunica&ccedil;&atilde;o e Inform&aacute;tica (CCTCI) decidiu nesta quarta-feira, 18, que n&atilde;o debater&aacute; em audi&ecirc;ncia p&uacute;blica a renova&ccedil;&atilde;o das concess&otilde;es de radiodifus&atilde;o para a Rede Record, RBS, TV Cultura e duas afiliadas da Rede Globo, a TV Tocantins e a TV Bauru. A sugest&atilde;o de debater &hellip; <a href=\"https:\/\/obscom.intervozes.org.br\/?p=23603\" class=\"more-link\">Continue lendo <span class=\"screen-reader-text\">Proposta de debate sobre renova\u00e7\u00e3o de outorgas \u00e9 rejeitada na C\u00e2mara<\/span> <span class=\"meta-nav\">&rarr;<\/span><\/a><\/p>\n","protected":false},"author":1,"featured_media":0,"comment_status":"open","ping_status":"open","sticky":false,"template":"","format":"standard","meta":{"footnotes":""},"categories":[39],"tags":[],"_links":{"self":[{"href":"https:\/\/obscom.intervozes.org.br\/index.php?rest_route=\/wp\/v2\/posts\/23603"}],"collection":[{"href":"https:\/\/obscom.intervozes.org.br\/index.php?rest_route=\/wp\/v2\/posts"}],"about":[{"href":"https:\/\/obscom.intervozes.org.br\/index.php?rest_route=\/wp\/v2\/types\/post"}],"author":[{"embeddable":true,"href":"https:\/\/obscom.intervozes.org.br\/index.php?rest_route=\/wp\/v2\/users\/1"}],"replies":[{"embeddable":true,"href":"https:\/\/obscom.intervozes.org.br\/index.php?rest_route=%2Fwp%2Fv2%2Fcomments&post=23603"}],"version-history":[{"count":0,"href":"https:\/\/obscom.intervozes.org.br\/index.php?rest_route=\/wp\/v2\/posts\/23603\/revisions"}],"wp:attachment":[{"href":"https:\/\/obscom.intervozes.org.br\/index.php?rest_route=%2Fwp%2Fv2%2Fmedia&parent=23603"}],"wp:term":[{"taxonomy":"category","embeddable":true,"href":"https:\/\/obscom.intervozes.org.br\/index.php?rest_route=%2Fwp%2Fv2%2Fcategories&post=23603"},{"taxonomy":"post_tag","embeddable":true,"href":"https:\/\/obscom.intervozes.org.br\/index.php?rest_route=%2Fwp%2Fv2%2Ftags&post=23603"}],"curies":[{"name":"wp","href":"https:\/\/api.w.org\/{rel}","templated":true}]}}