{"id":23596,"date":"2009-11-18T10:36:57","date_gmt":"2009-11-18T10:36:57","guid":{"rendered":"https:\/\/obscom.intervozes.org.br\/wordpress\/?p=23596"},"modified":"2009-11-18T10:36:57","modified_gmt":"2009-11-18T10:36:57","slug":"questoes-geograficas-e-demograficas-entram-no-debate-da-1a-confecom","status":"publish","type":"post","link":"https:\/\/obscom.intervozes.org.br\/?p=23596","title":{"rendered":"Quest\u00f5es geogr\u00e1ficas e demogr\u00e1ficas entram no debate da 1\u00aa Confecom"},"content":{"rendered":"<p><span class=\"padrao\">Bras&iacute;lia &#8211; As quest&otilde;es geogr&aacute;ficas e demogr&aacute;ficas tamb&eacute;m dizem respeito &agrave; comunica&ccedil;&atilde;o. Esta foi a percep&ccedil;&atilde;o na Confer&ecirc;ncia Estadual de Comunica&ccedil;&atilde;o do Amazonas (Conecom-AM), que teve sua abertura nesta ter&ccedil;a-feira, dia 17, assim como aconteceu nos estados de Amap&aacute;, Maranh&atilde;o, Rio Grande do Norte e Rio Grande do Sul. O incremento do uso do correio fluvial e a expans&atilde;o do sinal de r&aacute;dio e TV para &aacute;reas distantes foram algumas solu&ccedil;&otilde;es levantadas no evento do Amazonas &ndash; as Confer&ecirc;ncias Estaduais de Comunica&ccedil;&atilde;o s&atilde;o preparat&oacute;rias &agrave; 1&ordf; Confer&ecirc;ncia Nacional de Comunica&ccedil;&atilde;o (1&ordf; Confecom), que acontece entre os dias 14 e 17 de dezembro no Centro de Conven&ccedil;&otilde;es Ulysses Guimar&atilde;es, em Bras&iacute;lia.<\/p>\n<p>Na Confer&ecirc;ncia Estadual de Comunica&ccedil;&atilde;o do Rio Grande do Norte (Conecom-RN), a liberaliza&ccedil;&atilde;o das regras para as r&aacute;dios comunit&aacute;rias foi um dos temas mais citados na abertura. Na Confer&ecirc;ncia Estadual de Comunica&ccedil;&atilde;o do Maranh&atilde;o (Conecom-MA), foi levantada a necessidade de melhoria da infraestrutura de servi&ccedil;os b&aacute;sicos de comunica&ccedil;&atilde;o.<\/p>\n<p>A constitui&ccedil;&atilde;o de conselhos municipais e estaduais de Comunica&ccedil;&atilde;o &eacute; um dos temas que prometem despertar mais interesse na Confer&ecirc;ncia Estadual de Comunica&ccedil;&atilde;o do Rio Grande do Sul (Conecom-RS). J&aacute; na Confer&ecirc;ncia Estadual do Amap&aacute; (Conecom-AM), chamou a aten&ccedil;&atilde;o a participa&ccedil;&atilde;o: mais de 200 pessoas se inscreveram, somente pela internet, para o evento. H&aacute; expectativa de que igual n&uacute;mero ainda se inscreva, uma vez que continua aberto o credenciamento.<\/p>\n<p>Em todas as Confer&ecirc;ncias Estaduais de Comunica&ccedil;&atilde;o, os grupos de trabalho debater&atilde;o temas ligados aos tr&ecirc;s eixos tem&aacute;ticos da 1&ordf; Confecom: Cidadania: direitos e deveres, Produ&ccedil;&atilde;o de conte&uacute;do; e Meios de distribui&ccedil;&atilde;o. Tamb&eacute;m ser&atilde;o eleitos os delegados para representarem seus estados na 1&ordf; Confecom. As Confer&ecirc;ncias de Amazonas, Maranh&atilde;o, Rio Grande do Norte e Rio Grande do Sul terminam nesta quarta-feira, dia 18. O evento no Amap&aacute; segue at&eacute; a quinta-feira, dia 19, quando come&ccedil;am as Confer&ecirc;ncias de Mato Grosso e Sergipe.<br \/><\/span><\/p>\n","protected":false},"excerpt":{"rendered":"<p>Bras&iacute;lia &#8211; As quest&otilde;es geogr&aacute;ficas e demogr&aacute;ficas tamb&eacute;m dizem respeito &agrave; comunica&ccedil;&atilde;o. Esta foi a percep&ccedil;&atilde;o na Confer&ecirc;ncia Estadual de Comunica&ccedil;&atilde;o do Amazonas (Conecom-AM), que teve sua abertura nesta ter&ccedil;a-feira, dia 17, assim como aconteceu nos estados de Amap&aacute;, Maranh&atilde;o, Rio Grande do Norte e Rio Grande do Sul. O incremento do uso do correio &hellip; <a href=\"https:\/\/obscom.intervozes.org.br\/?p=23596\" class=\"more-link\">Continue lendo <span class=\"screen-reader-text\">Quest\u00f5es geogr\u00e1ficas e demogr\u00e1ficas entram no debate da 1\u00aa Confecom<\/span> <span class=\"meta-nav\">&rarr;<\/span><\/a><\/p>\n","protected":false},"author":1,"featured_media":0,"comment_status":"open","ping_status":"open","sticky":false,"template":"","format":"standard","meta":{"footnotes":""},"categories":[40],"tags":[1012],"_links":{"self":[{"href":"https:\/\/obscom.intervozes.org.br\/index.php?rest_route=\/wp\/v2\/posts\/23596"}],"collection":[{"href":"https:\/\/obscom.intervozes.org.br\/index.php?rest_route=\/wp\/v2\/posts"}],"about":[{"href":"https:\/\/obscom.intervozes.org.br\/index.php?rest_route=\/wp\/v2\/types\/post"}],"author":[{"embeddable":true,"href":"https:\/\/obscom.intervozes.org.br\/index.php?rest_route=\/wp\/v2\/users\/1"}],"replies":[{"embeddable":true,"href":"https:\/\/obscom.intervozes.org.br\/index.php?rest_route=%2Fwp%2Fv2%2Fcomments&post=23596"}],"version-history":[{"count":0,"href":"https:\/\/obscom.intervozes.org.br\/index.php?rest_route=\/wp\/v2\/posts\/23596\/revisions"}],"wp:attachment":[{"href":"https:\/\/obscom.intervozes.org.br\/index.php?rest_route=%2Fwp%2Fv2%2Fmedia&parent=23596"}],"wp:term":[{"taxonomy":"category","embeddable":true,"href":"https:\/\/obscom.intervozes.org.br\/index.php?rest_route=%2Fwp%2Fv2%2Fcategories&post=23596"},{"taxonomy":"post_tag","embeddable":true,"href":"https:\/\/obscom.intervozes.org.br\/index.php?rest_route=%2Fwp%2Fv2%2Ftags&post=23596"}],"curies":[{"name":"wp","href":"https:\/\/api.w.org\/{rel}","templated":true}]}}