{"id":23593,"date":"2009-11-17T21:31:02","date_gmt":"2009-11-17T21:31:02","guid":{"rendered":"https:\/\/obscom.intervozes.org.br\/wordpress\/?p=23593"},"modified":"2009-11-17T21:31:02","modified_gmt":"2009-11-17T21:31:02","slug":"etapa-da-confecom-e-marcada-por-participacao-do-interior","status":"publish","type":"post","link":"https:\/\/obscom.intervozes.org.br\/?p=23593","title":{"rendered":"Etapa da Confecom \u00e9 marcada por participa\u00e7\u00e3o do interior"},"content":{"rendered":"<p> \t<!-- \t\t@page { margin: 2cm } \t\tP { margin-bottom: 0.21cm } \t--><\/p>\n<p style=\"margin-bottom: 0cm\" class=\"padrao\">Regionaliza&ccedil;&atilde;o da produ&ccedil;&atilde;o de conte&uacute;do bem como a distribui&ccedil;&atilde;o do conte&uacute;do regionalmente produzido pelos ve&iacute;culos locais foram, junto com as pol&iacute;ticas que dizem respeito &agrave; radiodifus&atilde;o comunit&aacute;ria, as pautas que marcaram os debates da 1&ordf; Confer&ecirc;ncia de Comunica&ccedil;&atilde;o de Pernambuco, etapa estadual da tamb&eacute;m primeira edi&ccedil;&atilde;o da Confer&ecirc;ncia Nacional de Comunica&ccedil;&atilde;o, que ser&aacute; realizada em Bras&iacute;lia de 14 a 17 de dezembro.<\/p>\n<p>A etapa pernambucana da Confecom foi realizada de 13 a 15 de novembro no Recife e contou com a participa&ccedil;&atilde;o de mais de 250 pessoas, dentre elas representantes da sociedade civil empresarial e n&atilde;o empresarial, do poder p&uacute;blico e convidados. Na semana que antecedeu a realiza&ccedil;&atilde;o da etapa estadual propriamente dita, a Comiss&atilde;o Organizadora Estadual realizou doze pr&eacute;-confer&ecirc;ncias envolvendo as macro-regi&otilde;es pol&iacute;tico-administrativas do estado. A realiza&ccedil;&atilde;o dessas etapas preparat&oacute;rias garantiu a participa&ccedil;&atilde;o do interior de Pernambuco na etapa estadual e fez com que o debate n&atilde;o girasse apenas em torno das demandas de grandes organiza&ccedil;&otilde;es da capital e regi&atilde;o metropolitana.  <\/p>\n<p>De acordo com a delegada eleita pela sociedade civil, representante do movimento de mulheres, Ana Veloso, o debate nos grupos de trabalho que versaram sobre os eixos tem&aacute;ticos da Confecom foram muito positivos e a participa&ccedil;&atilde;o qualificada das pessoas que vieram do interior do estado garantiram um debate mais amplo. Ainda segundo Veloso, as maiores reivindica&ccedil;&otilde;es desse p&uacute;blico era o fim da ditadura das antenas parab&oacute;licas, a regionaliza&ccedil;&atilde;o da produ&ccedil;&atilde;o e pol&iacute;ticas mais positivas para o setor das r&aacute;dios comunit&aacute;rias. &ldquo;Eles trouxeram contribui&ccedil;&otilde;es importantes que, sem eles, n&atilde;o necessariamente estariam entre as nossas propostas para a etapa nacional&rdquo;, comenta a representante da sociedade civil. <\/p>\n<p>Ainda dentre os pontos positivos da confer&ecirc;ncia pernambucana, Ana Veloso diz que considerou &oacute;tima a participa&ccedil;&atilde;o do movimento de comunica&ccedil;&atilde;o, que &eacute; organizado no estado, e do movimento de mulheres. Este &uacute;ltimo, do qual &eacute; representante, teve participa&ccedil;&atilde;o expressiva desde a pr&eacute;-confer&ecirc;ncia e na etapa metropolitana com mais de vinte entidades que discutem a quest&atilde;o de g&ecirc;nero e que tamb&eacute;m prop&otilde;e a interface desta tem&aacute;tica com a da comunica&ccedil;&atilde;o.<\/p>\n<p>&ldquo;Conseguimos pautar o debate de g&ecirc;nero n&atilde;o s&oacute; nas propostas, mas tamb&eacute;m em todos os aspectos da confer&ecirc;ncia, na participa&ccedil;&atilde;o das mulheres em todos os espa&ccedil;os e tamb&eacute;m para a elei&ccedil;&atilde;o das delegadas. O F&oacute;rum de Mulheres de Pernambuco entendeu como fundamental garantir a representa&ccedil;&atilde;o das mulheres que estavam historicamente envolvidas no processo para a etapa nacional da confer&ecirc;ncia em Bras&iacute;lia, e assim foi feito&rdquo;, avaliou Veloso.<\/p>\n<p>A Confer&ecirc;ncia de Pernambuco elegeu ao todo 68 pessoas para delega&ccedil;&atilde;o que ir&aacute; a Bras&iacute;lia em dezembro representar o estado. As 68 vagas foram preenchidas de acordo com o regimento nacional que prev&ecirc; 40% das vagas para a sociedade civil empresarial, mais 40% para a sociedade civil n&atilde;o empresarial e 20% para o poder p&uacute;blico. Dessa forma, 30 foram representantes da sociedade civil empresarial, 30 representantes da sociedade civil n&atilde;o empresarial e oito do poder p&uacute;blico. <\/p>\n<p>Para garantir a participa&ccedil;&atilde;o dos representantes do interior do estado na etapa nacional, a delega&ccedil;&atilde;o da sociedade civil, bem como a do poder p&uacute;blico, dividiu as vagas de sua representa&ccedil;&atilde;o de acordo com as macro-regi&otilde;es do estado que s&atilde;o: metropolitana, agreste, sert&atilde;o e zona da mata. Apenas o setor empresarial ignorou esta divis&atilde;o. A delega&ccedil;&atilde;o de empres&aacute;rios tamb&eacute;m tem expressiva participa&ccedil;&atilde;o das empresas de telecomunica&ccedil;&otilde;es.<\/p>\n<p><strong>Atropelo das propostas<\/strong><\/p>\n<p>Dentro da metodologia prevista para a confer&ecirc;ncia, foram garantidas mesas de discuss&atilde;o que introduziram os tr&ecirc;s eixos tem&aacute;ticos previstos: Cidadania: Direitos e Deveres; Produ&ccedil;&atilde;o de Conte&uacute;do e Meios de Distribui&ccedil;&atilde;o. Dentre os convidados para o debate estavam nomes como os dos professores Edgard Rebou&ccedil;as (Ufes) e C&eacute;sar Bola&ntilde;o (UFS) e das representantes da Comiss&atilde;o Organizadora Nacional, Indira Amaral e Roseli Goffman.<\/p>\n<p>A segunda etapa da metodologia previa a divis&atilde;o dos grupos de trabalho por eixo. Esse momento teve como objetivo a leitura das propostas advindas das etapas preparat&oacute;rias, que eram as confer&ecirc;ncias livres e as etapas regionais, bem como a incorpora&ccedil;&atilde;o de novas propostas. Para todos os grupos estavam previstas 4 horas de trabalho, contudo a demanda por participa&ccedil;&atilde;o nas discuss&otilde;es foi tamanha que se fez necess&aacute;rio quase o dobro do tempo para que os grupos dessem conta dos seus trabalhos. Em um dos grupos, n&atilde;o foi poss&iacute;vel concluir as discuss&otilde;es. Aproximadamente 200 propostas foram produzidas para cada eixo tem&aacute;tico, que s&oacute; foram finalizados quando j&aacute; passava do meio dia do domingo, dia 15. <\/p>\n<p>Diante da impossibilidade de se prolongar a confer&ecirc;ncia, visto que boa parte dos participantes do interior ainda teriam que voltar para suas cidades no pr&oacute;prio domingo, n&atilde;o foi realizada a plen&aacute;ria que encerraria a confer&ecirc;ncia pernambucana. As propostas recolhidas nos GTs seriam apresentadas para o conjunto dos participantes nesta plen&aacute;ria, de forma a legitimar as discuss&otilde;es. O rito teria car&aacute;ter simb&oacute;lico, j&aacute; que a confer&ecirc;ncia estadual, conforme os crit&eacute;rios impostos pela Comiss&atilde;o Organizadora Nacional, n&atilde;o teria poder de votar as propostas, apenas recolher e sistematizar todas as proposi&ccedil;&otilde;es apresentadas.<\/p>\n<p><strong>Elei&ccedil;&atilde;o da sociedade civil<\/strong><\/p>\n<p>A elei&ccedil;&atilde;o da delega&ccedil;&atilde;o da sociedade civil, que dividiu suas representa&ccedil;&otilde;es por regi&otilde;es do estado, assegurou a participa&ccedil;&atilde;o de onze delegados do interior e dezenove da regi&atilde;o metropolitana. <\/p>\n<p>Dentre os delegados da regi&atilde;o metropolitana, foi tamb&eacute;m garantida representa&ccedil;&atilde;o da pluralidade de segmentos que participaram da confer&ecirc;ncia, como os deficientes f&iacute;sicos, os negros e negras, as comunidades tradicionais (representantes, tamb&eacute;m, das religi&otilde;es de matriz africana), movimento de mulheres, trabalhadores do setor de comunica&ccedil;&atilde;o, da Central &Uacute;nica dos Trabalhadores, movimento de direitos humanos, estudantil e pela garantia do direito &agrave; comunica&ccedil;&atilde;o, al&eacute;m de psic&oacute;logos, juventude e  representantes de r&aacute;dios comunit&aacute;rias.<\/p>\n<p>Contudo, ainda segundo a representante do movimento de mulheres, Ana Veloso, o processo poderia ter sido melhor e mais politizado no momento da vota&ccedil;&atilde;o. &ldquo;Pode-se ver a imaturidade do processo na forma como alguns grupos, da regi&atilde;o metropolitana, preocupavam-se apenas com a elei&ccedil;&atilde;o de delegados e n&atilde;o com a discuss&atilde;o de propostas e com o que estava realmente em jogo. Foi lament&aacute;vel ver que alguns grupos ainda insistem em ter uma inser&ccedil;&atilde;o focada apenas na elei&ccedil;&atilde;o de delegados &agrave; etapa nacional. &Eacute; mais lament&aacute;vel ainda que isso aconte&ccedil;a no segmento da sociedade civil. Falta muita maturidade pol&iacute;tica&rdquo;, avalia Ana Veloso.<strong><\/p>\n<p>Elei&ccedil;&atilde;o empresarial<\/strong><\/p>\n<p>No segmento empresarial, para o qual foi reservada pelo regimento nacional a mesma quantidade de vagas que os demais representantes da sociedade civil, a disputa foi menos acirrada, mas n&atilde;o necessariamente mais politizada.<\/p>\n<p>As empresas de telecomunica&ccedil;&otilde;es, que tinham a maioria dos representantes do setor empresarial, ficaram com 24 das 30 vagas de delegados &agrave; etapa nacional. De acordo com a microempres&aacute;ria, representante de uma produtora independente de conte&uacute;do de anima&ccedil;&atilde;o, Turla Alquete, a divis&atilde;o de vagas se deu atrav&eacute;s de um grande acordo feito entre os empres&aacute;rios presentes.<\/p>\n<p>&ldquo;Os representantes das empresas de telecomunica&ccedil;&otilde;es falaram que teriam condi&ccedil;&otilde;es de eleger todos os trinta delegados, mas que &lsquo;cederiam&rsquo; seis vagas para os outros empres&aacute;rios disputarem entre si. Depois desse momento, vi que n&atilde;o haveria debate de propostas, n&atilde;o era o espa&ccedil;o que eu esperava e me retirei&rdquo;, contou Turla.<\/p>\n<p>Para garantir a maior representa&ccedil;&atilde;o das empresas de telecomunica&ccedil;&otilde;es na plen&aacute;ria da Confecom-PE, trabalhadores destas companhias chegaram ao local da Confecom por volta das 10h da manh&atilde; do primeiro dia do evento, e aguardaram a abertura das inscri&ccedil;&otilde;es que eram &agrave;s 14h. Os &uacute;nicos representantes de outros ramos empresariais que conseguiram garantir inscri&ccedil;&otilde;es  foram os que se pr&eacute;-inscreveram pelas regionais ou pela internet. <\/p>\n<p><strong>Poder p&uacute;blico<\/strong><\/p>\n<p>Organizada de forma parecida com a da sociedade civil n&atilde;o empresarial, a elei&ccedil;&atilde;o do poder p&uacute;blico para decidir os ocupantes das oito vagas reservadas ao setor foi dividida de forma a manter a representa&ccedil;&atilde;o por regi&atilde;o do estado. Dentre os contemplados est&aacute; um representante do poder p&uacute;blico da zona da mata, do agreste e do sert&atilde;o, tr&ecirc;s representantes do poder p&uacute;blico da regi&atilde;o metropolitana e dois representantes do Governo do Estado, dentre eles o Secret&aacute;rio de Imprensa do Governo e presidente da Comiss&atilde;o Organizadora Estadual, Evaldo Costa.<\/p>\n<p>Segundo Dulce Melo, delegada eleita pelo poder p&uacute;blico e representante da Prefeitura do Recife, a elei&ccedil;&atilde;o foi feita atrav&eacute;s de uma chapa consensual, dividida a partir do peso e presen&ccedil;a de cada regi&atilde;o na confer&ecirc;ncia. Cada regi&atilde;o elegeu seus representantes que foram homologados pelos seus pares.<\/p>\n","protected":false},"excerpt":{"rendered":"<p>Debates mostram forte demanda por regionaliza&ccedil;&atilde;o da produ&ccedil;&atilde;o e apoio &agrave; radiodifus&atilde;o comunit&aacute;ria<\/p>\n","protected":false},"author":1,"featured_media":0,"comment_status":"open","ping_status":"open","sticky":false,"template":"","format":"standard","meta":{"footnotes":""},"categories":[40],"tags":[607],"_links":{"self":[{"href":"https:\/\/obscom.intervozes.org.br\/index.php?rest_route=\/wp\/v2\/posts\/23593"}],"collection":[{"href":"https:\/\/obscom.intervozes.org.br\/index.php?rest_route=\/wp\/v2\/posts"}],"about":[{"href":"https:\/\/obscom.intervozes.org.br\/index.php?rest_route=\/wp\/v2\/types\/post"}],"author":[{"embeddable":true,"href":"https:\/\/obscom.intervozes.org.br\/index.php?rest_route=\/wp\/v2\/users\/1"}],"replies":[{"embeddable":true,"href":"https:\/\/obscom.intervozes.org.br\/index.php?rest_route=%2Fwp%2Fv2%2Fcomments&post=23593"}],"version-history":[{"count":0,"href":"https:\/\/obscom.intervozes.org.br\/index.php?rest_route=\/wp\/v2\/posts\/23593\/revisions"}],"wp:attachment":[{"href":"https:\/\/obscom.intervozes.org.br\/index.php?rest_route=%2Fwp%2Fv2%2Fmedia&parent=23593"}],"wp:term":[{"taxonomy":"category","embeddable":true,"href":"https:\/\/obscom.intervozes.org.br\/index.php?rest_route=%2Fwp%2Fv2%2Fcategories&post=23593"},{"taxonomy":"post_tag","embeddable":true,"href":"https:\/\/obscom.intervozes.org.br\/index.php?rest_route=%2Fwp%2Fv2%2Ftags&post=23593"}],"curies":[{"name":"wp","href":"https:\/\/api.w.org\/{rel}","templated":true}]}}