{"id":23592,"date":"2009-11-17T16:21:01","date_gmt":"2009-11-17T16:21:01","guid":{"rendered":"https:\/\/obscom.intervozes.org.br\/wordpress\/?p=23592"},"modified":"2009-11-17T16:21:01","modified_gmt":"2009-11-17T16:21:01","slug":"acontece-em-sao-paulo-seminario-sobre-construcao-de-indicadores-do-direito-a-comunicacao","status":"publish","type":"post","link":"https:\/\/obscom.intervozes.org.br\/?p=23592","title":{"rendered":"Acontece em S\u00e3o Paulo semin\u00e1rio sobre constru\u00e7\u00e3o de indicadores do direito \u00e0 comunica\u00e7\u00e3o"},"content":{"rendered":"<p><a href=\"http:\/\/sites.google.com\/site\/direitoacomunicacaoindicadores\"><\/a><\/p>\n<p><font size=\"2\">Acontece no dia 24, pr&oacute;xima ter&ccedil;a, em S&atilde;o Paulo, o semin&aacute;rio &quot;A Constru&ccedil;&atilde;o de Indicadores do Direito &agrave; Comunica&ccedil;&atilde;o no Brasil&quot;. O evento &eacute; o terceiro de um ciclo de semin&aacute;rios realizados com o objetivo de apresentar e debater propostas para a cria&ccedil;&atilde;o de indicadores que avaliem a efetiva&ccedil;&atilde;o do direito &agrave; comunica&ccedil;&atilde;o no pa&iacute;s. As atividades s&atilde;o fruto de parceria entre o Intervozes, a Unesco, o Laborat&oacute;rio de Pol&iacute;ticas de Comunica&ccedil;&atilde;o (LaPCom) da UnB e o N&uacute;cleo de Estudos Transdisciplinares de Comunica&ccedil;&atilde;o e Consci&ecirc;ncia da Universidade Federal do Rio de Janeiro (NetCCon.UFRJ). Em S&atilde;o Paulo, une-se ao grupo o N&uacute;cleo de Estudos do Futuro, da PUC-SP, que tem experi&ecirc;ncia na constru&ccedil;&atilde;o de indicadores em diversas &aacute;reas. <\/p>\n<p>O Semin&aacute;rio est&aacute; estruturado em duas partes. Na primeira, haver&aacute; a apresenta&ccedil;&atilde;o das propostas de indicadores &ndash; tanto a elaborada pelo Intervozes, por meio do projeto &quot;Centro de Refer&ecirc;ncia do Direito &agrave; Comunica&ccedil;&atilde;o&quot;, como a desenvolvida pela Unesco em debate entre os pa&iacute;ses membros do &oacute;rg&atilde;o atrav&eacute;s do Programa Internacional para o Desenvolvimento da Comunica&ccedil;&atilde;o (IPDC). No segundo momento, com a presen&ccedil;a de membros de organiza&ccedil;&otilde;es governamentais, setor privado e organiza&ccedil;&otilde;es n&atilde;o-governamentais, haver&aacute; uma avalia&ccedil;&atilde;o pelo p&uacute;blico presente dos dois documentos (Unesco e Intervozes) e o recolhimento de contribui&ccedil;&otilde;es para a aplica&ccedil;&atilde;o dos indicadores na realidade brasileira. O formato &eacute; o mesmo adotado nas edi&ccedil;&otilde;es pr&eacute;vias da atividade, realizadas neste semestre no Rio de Janeiro e em Bras&iacute;lia.<\/p>\n<p>Os organizadores do evento criaram <a href=\"http:\/\/sites.google.com\/site\/direitoacomunicacaoindicadores\" target=\"_blank\">um site<\/a> com as propostas existentes. &quot;A ideia &eacute; que as pessoas tomem ci&ecirc;ncia do conte&uacute;do desses documentos antes do semin&aacute;rio&quot;, acredita Bia Barbosa do Intervozes.<\/font><\/p>\n","protected":false},"excerpt":{"rendered":"<p><span style=\"widows: 2; text-transform: none; text-indent: 0px; border-collapse: separate; font-family: tahoma,sans-serif; font-style: normal; font-variant: normal; font-weight: normal; font-size: 11px; line-height: normal; font-size-adjust: none; font-stretch: normal; white-space: normal; orphans: 2; letter-spacing: normal; color: #000000; word-spacing: 0px\"><\/p>\n<div style=\"font-family: tahoma,sans-serif; font-size: 8pt\"><font size=\"2\" style=\"font-family: tahoma,sans-serif; font-size: 8pt\"><br \/><\/font>&nbsp;<\/div>\n<p><\/span><\/p>\n","protected":false},"author":1,"featured_media":0,"comment_status":"open","ping_status":"open","sticky":false,"template":"","format":"standard","meta":{"footnotes":""},"categories":[39],"tags":[],"_links":{"self":[{"href":"https:\/\/obscom.intervozes.org.br\/index.php?rest_route=\/wp\/v2\/posts\/23592"}],"collection":[{"href":"https:\/\/obscom.intervozes.org.br\/index.php?rest_route=\/wp\/v2\/posts"}],"about":[{"href":"https:\/\/obscom.intervozes.org.br\/index.php?rest_route=\/wp\/v2\/types\/post"}],"author":[{"embeddable":true,"href":"https:\/\/obscom.intervozes.org.br\/index.php?rest_route=\/wp\/v2\/users\/1"}],"replies":[{"embeddable":true,"href":"https:\/\/obscom.intervozes.org.br\/index.php?rest_route=%2Fwp%2Fv2%2Fcomments&post=23592"}],"version-history":[{"count":0,"href":"https:\/\/obscom.intervozes.org.br\/index.php?rest_route=\/wp\/v2\/posts\/23592\/revisions"}],"wp:attachment":[{"href":"https:\/\/obscom.intervozes.org.br\/index.php?rest_route=%2Fwp%2Fv2%2Fmedia&parent=23592"}],"wp:term":[{"taxonomy":"category","embeddable":true,"href":"https:\/\/obscom.intervozes.org.br\/index.php?rest_route=%2Fwp%2Fv2%2Fcategories&post=23592"},{"taxonomy":"post_tag","embeddable":true,"href":"https:\/\/obscom.intervozes.org.br\/index.php?rest_route=%2Fwp%2Fv2%2Ftags&post=23592"}],"curies":[{"name":"wp","href":"https:\/\/api.w.org\/{rel}","templated":true}]}}