{"id":23584,"date":"2009-11-16T18:50:54","date_gmt":"2009-11-16T18:50:54","guid":{"rendered":"https:\/\/obscom.intervozes.org.br\/wordpress\/?p=23584"},"modified":"2009-11-16T18:50:54","modified_gmt":"2009-11-16T18:50:54","slug":"plano-sera-apresentado-a-lula-dia-24-e-tera-foruns-de-discussao","status":"publish","type":"post","link":"https:\/\/obscom.intervozes.org.br\/?p=23584","title":{"rendered":"Plano ser\u00e1 apresentado a Lula dia 24 e ter\u00e1 f\u00f3runs de discuss\u00e3o"},"content":{"rendered":"<p>   \t \t \t \t \t<!-- \t\t@page { margin: 2cm } \t\tP { margin-bottom: 0.21cm } \t--> \t  <\/p>\n<p style=\"margin-bottom: 0cm\" class=\"padrao\">O Plano Nacional de Banda Larga (PNBL) ser&aacute; apresentado ao presidente Luiz In&aacute;cio Lula da Silva na pr&oacute;xima ter&ccedil;a-feira (24). Com seus trabalhos iniciados em 15 de setembro deste ano, a equipe interministerial entregar&aacute; ao presidente uma proposta detalhada, que ser&aacute; depois colocada para an&aacute;lise da sociedade. No entanto, em semin&aacute;rio realizado nesta segunda-feira (16), pela Secretaria de Assuntos Estrat&eacute;gicos da Presid&ecirc;ncia da Rep&uacute;blica, o coordenador dos programas de inclus&atilde;o digital do Governo Federal, Cezar Alvarez, exp&ocirc;s as diretrizes do plano que foram constru&iacute;das at&eacute; o momento.<\/p>\n<p>Em sua fala, Alvarez deixou claro que o avan&ccedil;o da internet em banda larga vai ser feito em parceria com as empresas privadas de telecomunica&ccedil;&otilde;es e deve levar ao est&iacute;mulo &agrave; competi&ccedil;&atilde;o no mercado. No entanto, a defini&ccedil;&atilde;o do papel de cada setor na parceria n&atilde;o foi detalhado. Notou-se, por&eacute;m, uma postura cr&iacute;tica de Alvarez em rela&ccedil;&atilde;o ao lobby das empresas, afirmando que n&atilde;o tem se reunido com elas &ndash; ao contr&aacute;rio do que vem fazendo o ministro das Comunica&ccedil;&otilde;es, H&eacute;lio Costa. &ldquo;As teles que v&atilde;o definir o papel delas&rdquo;, afirmou.<\/p>\n<p>Como j&aacute; havia sido cogitado, o governo realmente vai usar parte de sua rede de fibra &oacute;ticas para espalhar a internet em banda larga pelo pa&iacute;s. &ldquo;N&atilde;o podemos aceitar essa vis&atilde;o preconceituosa de que o governo n&atilde;o poder&aacute; usar sua rede para promo&ccedil;&atilde;o de pol&iacute;ticas p&uacute;blicas&rdquo;, disse Cezar Alvarez. Ele citou a utiliza&ccedil;&atilde;o de tr&ecirc;s grandes &ldquo;an&eacute;is&rdquo; estatais para a forma&ccedil;&atilde;o dessa rede p&uacute;blica: as fibras das empresas do setor el&eacute;trico, da Eletronet e da Petrobras. A gest&atilde;o dessa rede, por&eacute;m, n&atilde;o foi definida. Apesar disso, Alvarez n&atilde;o descartou a possibilidade de retomada da Telebras para cumprir esse papel. <\/p>\n<p>A defini&ccedil;&atilde;o da banda larga como um servi&ccedil;o a ser prestado em regime p&uacute;blico est&aacute; em discuss&atilde;o, segundo Cezar Alvarez. Por&eacute;m, considerando que o governo n&atilde;o adotou a medida at&eacute; hoje, parece pouco prov&aacute;vel que essa mudan&ccedil;a seja concretizada. Atualmente, dos servi&ccedil;os de telecomunica&ccedil;&otilde;es no pa&iacute;s, apenas a telefonia fixa funciona em regime p&uacute;blico. Talvez por isso o representante do governo tenha falado em massifica&ccedil;&atilde;o e n&atilde;o em universaliza&ccedil;&atilde;o do acesso. O PNBL vai estabelecer metas at&eacute; 2014. <\/p>\n<p><strong>Fust e subs&iacute;dio cruzado<\/strong><\/p>\n<p>No semin&aacute;rio, n&atilde;o foram citados os poss&iacute;veis custos para a aplica&ccedil;&atilde;o do plano. O representante do governo adiantou, contudo, que devem ser usados recursos do Fundo de Universaliza&ccedil;&atilde;o dos Servi&ccedil;os de Telecomunica&ccedil;&otilde;es (Fust). Pelo menos o montante arrecadado este ano. O Fundo foi criado em 200 e tem reservado cerca de US$ 4 bilh&otilde;es. <\/p>\n<p>Sobre a possibilidade de o governo oferecer incentivos fiscais &agrave;s empresas para que elas levem infra-estrutura para os locais menos rent&aacute;veis, Alvarez afirmou que, apesar de a proposta n&atilde;o estar descartada, &eacute; preciso tratar a quest&atilde;o de forma que o cidad&atilde;o tamb&eacute;m seja beneficiado. E ainda criticou: &ldquo;colocar a culpa na pol&iacute;tica de tributos &eacute; uma simplifica&ccedil;&atilde;o do problema&rdquo;, disse ele, em rela&ccedil;&atilde;o a uma das principais reclama&ccedil;&otilde;es das teles. Alvarez tamb&eacute;m destacou que est&aacute; em estudo a volta do subs&iacute;dio cruzado, criando tarifas diferenciadas para os consumidores, a depender de suas diferentes condi&ccedil;&otilde;es financeiras.<\/p>\n<p><strong>F&oacute;runs e Confecom<\/strong><\/p>\n<p>Outra defini&ccedil;&atilde;o importante adiantada por Alvarez &eacute; que, ap&oacute;s a an&aacute;lise do presidente Lula, a proposta do plano ser&aacute; aberta para contribui&ccedil;&otilde;es. Ele afirmou que ser&atilde;o organizados f&oacute;runs de discuss&atilde;o, com participa&ccedil;&atilde;o da sociedade n&atilde;o-empresarial, das empresas e dos governos. Ele tamb&eacute;m garantiu que as propostas aprovadas sobre o tema na 1&ordf; Confer&ecirc;ncia Nacional de Comunica&ccedil;&atilde;o ser&atilde;o consideradas pelo Executivo. &ldquo;A confer&ecirc;ncia &eacute; um par&acirc;metro para o governo sempre.&rdquo;<\/p>\n<p>As diretrizes do PNBL apontadas por Alvarez partem de uma an&aacute;lise cr&iacute;tica do coordenador em rela&ccedil;&atilde;o aos servi&ccedil;os prestados pelas empresas de telecomunica&ccedil;&otilde;es no pa&iacute;s. &ldquo;A banda larga &eacute; para poucos, concentrada e cara&rdquo;, resumiu. Ele tamb&eacute;m apresentou alguns dados que confirmam sua afirma&ccedil;&atilde;o. Das conex&otilde;es existentes no pa&iacute;s, 40% est&atilde;o em S&atilde;o Paulo. Nem a metade (44%) dos domic&iacute;lios brasileiros t&ecirc;m uma internet com velocidade superior a 256Kbps. Al&eacute;m disso, 70% daqueles que n&atilde;o possuem o servi&ccedil;o alegam o alto pre&ccedil;o como principal barreira ao acesso.<\/p>\n","protected":false},"excerpt":{"rendered":"<p>Plano Nacional de Banda Larga deve usar redes de estatais e ter participa&ccedil;&atilde;o do setor privado; n&atilde;o h&aacute; previs&atilde;o de mudan&ccedil;a da internet para regime p&uacute;blico<\/p>\n","protected":false},"author":1,"featured_media":0,"comment_status":"open","ping_status":"open","sticky":false,"template":"","format":"standard","meta":{"footnotes":""},"categories":[40],"tags":[545],"_links":{"self":[{"href":"https:\/\/obscom.intervozes.org.br\/index.php?rest_route=\/wp\/v2\/posts\/23584"}],"collection":[{"href":"https:\/\/obscom.intervozes.org.br\/index.php?rest_route=\/wp\/v2\/posts"}],"about":[{"href":"https:\/\/obscom.intervozes.org.br\/index.php?rest_route=\/wp\/v2\/types\/post"}],"author":[{"embeddable":true,"href":"https:\/\/obscom.intervozes.org.br\/index.php?rest_route=\/wp\/v2\/users\/1"}],"replies":[{"embeddable":true,"href":"https:\/\/obscom.intervozes.org.br\/index.php?rest_route=%2Fwp%2Fv2%2Fcomments&post=23584"}],"version-history":[{"count":0,"href":"https:\/\/obscom.intervozes.org.br\/index.php?rest_route=\/wp\/v2\/posts\/23584\/revisions"}],"wp:attachment":[{"href":"https:\/\/obscom.intervozes.org.br\/index.php?rest_route=%2Fwp%2Fv2%2Fmedia&parent=23584"}],"wp:term":[{"taxonomy":"category","embeddable":true,"href":"https:\/\/obscom.intervozes.org.br\/index.php?rest_route=%2Fwp%2Fv2%2Fcategories&post=23584"},{"taxonomy":"post_tag","embeddable":true,"href":"https:\/\/obscom.intervozes.org.br\/index.php?rest_route=%2Fwp%2Fv2%2Ftags&post=23584"}],"curies":[{"name":"wp","href":"https:\/\/api.w.org\/{rel}","templated":true}]}}