{"id":23581,"date":"2009-11-16T17:34:00","date_gmt":"2009-11-16T17:34:00","guid":{"rendered":"https:\/\/obscom.intervozes.org.br\/wordpress\/?p=23581"},"modified":"2009-11-16T17:34:00","modified_gmt":"2009-11-16T17:34:00","slug":"empresarios-e-executivo-nao-participam-de-conferencia-municipal","status":"publish","type":"post","link":"https:\/\/obscom.intervozes.org.br\/?p=23581","title":{"rendered":"Empres\u00e1rios e Executivo n\u00e3o participam de confer\u00eancia municipal"},"content":{"rendered":"<p>   \t \t \t \t \t<!-- \t\t@page { margin: 2cm } \t\tP { margin-bottom: 0.21cm } \t--> \t  <\/p>\n<p style=\"margin-bottom: 0cm\" class=\"padrao\">A maior cidade do pa&iacute;s e sede das maiores empresas do setor das comunica&ccedil;&otilde;es, a cidade de S&atilde;o Paulo realizou sua etapa preparat&oacute;ria &agrave; 1&ordf; Confer&ecirc;ncia Nacional de Comunica&ccedil;&atilde;o (Confecom) sem a participa&ccedil;&atilde;o do empresariado e sem o apoio ou a presen&ccedil;a do Executivo municipal. As aus&ecirc;ncias j&aacute; eram esperadas. Nenhuma das entidades que representam as grandes empresas de comunica&ccedil;&atilde;o, nem a Prefeitura tomaram parte da comiss&atilde;o organizadora da confer&ecirc;ncia municipal, que foi convocada pela C&acirc;mara dos Vereadores. A etapa reuniu mais de 300 pessoas na sexta-feira (13) e no s&aacute;bado (14) na sede do Legislativo paulistano.<\/p>\n<p>A falta de apoio do Executivo tornou mais dif&iacute;cil a organiza&ccedil;&atilde;o da etapa. Ao mesmo tempo, a Prefeitura &eacute; a destinat&aacute;ria de boa parte das propostas voltadas &agrave;s pol&iacute;ticas locais para a comunica&ccedil;&atilde;o que foram formuladas em GT espec&iacute;fico e bastante concorrido. Sua aus&ecirc;ncia refor&ccedil;a a impress&atilde;o de falta de compromisso da atual gest&atilde;o com o tema e foi alvo de uma mo&ccedil;&atilde;o de rep&uacute;dio ao prefeito Gilberto Kassab, aprovada pela plen&aacute;ria da confer&ecirc;ncia.<\/p>\n<p>Entre as propostas levantadas para o munic&iacute;pio de S&atilde;o Paulo est&atilde;o a cria&ccedil;&atilde;o de um Conselho Municipal de Comunica&ccedil;&atilde;o com atribui&ccedil;&otilde;es ligadas &agrave;s pol&iacute;ticas p&uacute;blicas locais e &agrave; fiscaliza&ccedil;&atilde;o da pol&iacute;tica de comunica&ccedil;&atilde;o dos &oacute;rg&atilde;os governamentais; a realiza&ccedil;&atilde;o do Plano Diretor de Radiodifus&atilde;o Comunit&aacute;ria, j&aacute; previsto em lei; a implementa&ccedil;&atilde;o de pol&iacute;ticas de expans&atilde;o do acesso gratuito &agrave; internet. Destaca-se, tamb&eacute;m, a proposta para que S&atilde;o Paulo realize uma confer&ecirc;ncia municipal a cada dois anos. &Agrave; C&acirc;mara dos Vereadores, os conferencistas solicitaram abertura da TV C&acirc;mara &agrave; participa&ccedil;&atilde;o da sociedade al&eacute;m de espa&ccedil;o na programa&ccedil;&atilde;o do canal para a produ&ccedil;&atilde;o audiovisual realizada no munic&iacute;pio.<\/p>\n<p><strong>Eixos tem&aacute;ticos<\/strong><\/p>\n<p>J&aacute; os grupos de trabalho ligados aos eixos tem&aacute;ticos da Confecom apontaram 141 propostas, al&eacute;m de ratificar os resultados da Pr&eacute;-Confer&ecirc;ncia Paulista de Comunica&ccedil;&atilde;o, realizada em setembro por um conjunto de organiza&ccedil;&otilde;es e movimentos sociais [saiba mais]. Este conjunto de proposi&ccedil;&otilde;es segue como contribui&ccedil;&atilde;o da confer&ecirc;ncia municipal &agrave; etapa estadual.<\/p>\n<p>Entre as propostas discutidas dentro do eixo Produ&ccedil;&atilde;o de Conte&uacute;do, destaca-se a preocupa&ccedil;&atilde;o dos participantes da etapa paulistana com a diversifica&ccedil;&atilde;o do conte&uacute;do, especialmente atrav&eacute;s de medidas como a cria&ccedil;&atilde;o de cotas para a produ&ccedil;&atilde;o audiovisual independente nas diversas m&iacute;dias (r&aacute;dio, TV e cinema), a regionaliza&ccedil;&atilde;o da programa&ccedil;&atilde;o no r&aacute;dio e na TV aberta e paga, al&eacute;m do fortalecimento das m&iacute;dias p&uacute;blicas e comunit&aacute;rias. Tamb&eacute;m foi alvo das aten&ccedil;&otilde;es dos membros do GT o financiamento das m&iacute;dias locais, alternativas e comunit&aacute;rias, bem como o apoio &agrave; realiza&ccedil;&atilde;o de conte&uacute;dos &ndash; especialmente audiovisuais &ndash; por entidades de base e movimentos sociais.<\/p>\n<p>No eixo Meios de Distribui&ccedil;&atilde;o, as propostas apontaram a necessidade de mudan&ccedil;as profundas na regula&ccedil;&atilde;o de todos os setores da comunica&ccedil;&atilde;o, da m&iacute;dia impressa &agrave; internet. Em especial, foram levantadas propostas relacionadas &agrave; regulamenta&ccedil;&atilde;o dos artigos constitucionais que tratam da proibi&ccedil;&atilde;o do monop&oacute;lio e oligop&oacute;lio nas comunica&ccedil;&otilde;es e o que institui a complementariedade entre os sistemas p&uacute;blico, privado e estatal. Al&eacute;m disso, foram v&aacute;rias as proposi&ccedil;&otilde;es para se modificar a forma de tramita&ccedil;&atilde;o e tamb&eacute;m as regras das concess&otilde;es de radiodifus&atilde;o e dos demais servi&ccedil;os de comunica&ccedil;&atilde;o, com destaque para medidas que visam a universaliza&ccedil;&atilde;o da banda larga.<\/p>\n<p>O eixo Cidadania: Direitos e Deveres refor&ccedil;ou a id&eacute;ia da cria&ccedil;&atilde;o de um sistema formado por &oacute;rg&atilde;os que permitam a participa&ccedil;&atilde;o da sociedade na formula&ccedil;&atilde;o, implementa&ccedil;&atilde;o e fiscaliza&ccedil;&atilde;o das pol&iacute;ticas p&uacute;blicas de comunica&ccedil;&atilde;o. Os participantes tamb&eacute;m mostraram preocupa&ccedil;&atilde;o em apontar medidas para que esta participa&ccedil;&atilde;o tamb&eacute;m seja garantida na fiscaliza&ccedil;&atilde;o dos conte&uacute;dos midi&aacute;tios. Al&eacute;m disso, o respeito &agrave; diversidade &eacute;tnica, sexual e de g&ecirc;nero, al&eacute;m da acessibilidade nas diferentes m&iacute;dias tamb&eacute;m foram tema de v&aacute;rias das propostas.<\/p>\n","protected":false},"excerpt":{"rendered":"<p>Mais de 300 pessoas discutiram propostas que seguem como contribui&ccedil;&atilde;o &agrave; etapa estadual, marcada para o pr&oacute;ximo fim de semana<\/p>\n","protected":false},"author":1,"featured_media":0,"comment_status":"open","ping_status":"open","sticky":false,"template":"","format":"standard","meta":{"footnotes":""},"categories":[40],"tags":[504],"_links":{"self":[{"href":"https:\/\/obscom.intervozes.org.br\/index.php?rest_route=\/wp\/v2\/posts\/23581"}],"collection":[{"href":"https:\/\/obscom.intervozes.org.br\/index.php?rest_route=\/wp\/v2\/posts"}],"about":[{"href":"https:\/\/obscom.intervozes.org.br\/index.php?rest_route=\/wp\/v2\/types\/post"}],"author":[{"embeddable":true,"href":"https:\/\/obscom.intervozes.org.br\/index.php?rest_route=\/wp\/v2\/users\/1"}],"replies":[{"embeddable":true,"href":"https:\/\/obscom.intervozes.org.br\/index.php?rest_route=%2Fwp%2Fv2%2Fcomments&post=23581"}],"version-history":[{"count":0,"href":"https:\/\/obscom.intervozes.org.br\/index.php?rest_route=\/wp\/v2\/posts\/23581\/revisions"}],"wp:attachment":[{"href":"https:\/\/obscom.intervozes.org.br\/index.php?rest_route=%2Fwp%2Fv2%2Fmedia&parent=23581"}],"wp:term":[{"taxonomy":"category","embeddable":true,"href":"https:\/\/obscom.intervozes.org.br\/index.php?rest_route=%2Fwp%2Fv2%2Fcategories&post=23581"},{"taxonomy":"post_tag","embeddable":true,"href":"https:\/\/obscom.intervozes.org.br\/index.php?rest_route=%2Fwp%2Fv2%2Ftags&post=23581"}],"curies":[{"name":"wp","href":"https:\/\/api.w.org\/{rel}","templated":true}]}}