{"id":23580,"date":"2009-11-16T17:00:34","date_gmt":"2009-11-16T17:00:34","guid":{"rendered":"https:\/\/obscom.intervozes.org.br\/wordpress\/?p=23580"},"modified":"2009-11-16T17:00:34","modified_gmt":"2009-11-16T17:00:34","slug":"mgconferencia-de-comunicacao-e-saudada-como-busca-de-consenso","status":"publish","type":"post","link":"https:\/\/obscom.intervozes.org.br\/?p=23580","title":{"rendered":"MG:Confer\u00eancia de Comunica\u00e7\u00e3o \u00e9 saudada como busca de consenso"},"content":{"rendered":"<p><span class=\"padrao\">A Confer&ecirc;ncia Estadual de Comunica&ccedil;&atilde;o, aberta na noite desta sexta-feira (13\/11\/09), no Plen&aacute;rio da Assembleia Legislativa de Minas Gerais, foi saudada como o espa&ccedil;o de busca da converg&ecirc;ncia de opini&otilde;es entre os segmentos empresarial, social e poder p&uacute;blico.<\/p>\n<p>Convocada pelo Governo do Estado, como etapa regional da confer&ecirc;ncia nacional que se realiza em Bras&iacute;lia, de 14 a 17 de dezembro, a Confecom prossegue neste s&aacute;bado (14) e domingo (15). V&atilde;o ser discutidas propostas para subsidiar as diretrizes para a pol&iacute;tica nacional de Comunica&ccedil;&atilde;o, com base em tr&ecirc;s eixos tem&aacute;ticos: produ&ccedil;&atilde;o de conte&uacute;do, meios de distribui&ccedil;&atilde;o e cidadania.<\/p>\n<p>Nos pronunciamentos, a t&ocirc;nica ficou por conta do reconhecimento da busca de converg&ecirc;ncia de interesses e do respeito pelas diverg&ecirc;ncias da comiss&atilde;o organizadora da Confecon, composta pelos segmentos empresariais, movimentos sociais e poder p&uacute;blico, como destacou o subsecret&aacute;rio de Estado de Comunica&ccedil;&atilde;o Social, S&eacute;rgio Esser. Ele enfatizou a responsabilidade dos participantes em discutir a circula&ccedil;&atilde;o da informa&ccedil;&atilde;o, a melhoria dos canais, tudo em benef&iacute;cio da sociedade.<\/p>\n<p>Para o representante da Secretaria-Geral da Presid&ecirc;ncia da Rep&uacute;blica, Gerson Lu&iacute;s de Almeida Silva, a import&acirc;ncia da Confecon, como de qualquer outra confer&ecirc;ncia, &quot;n&atilde;o &eacute; perder ou ganhar posi&ccedil;&atilde;o, mas estabelecer uma arena p&uacute;blica para conversas, mesmo divergentes, mas com o exerc&iacute;cio de escutar o outro&quot;. Segundo ele, para quem apostou no fracasso da confer&ecirc;ncia, o resultado mostrar&aacute; o engano. Saudando os parceiros do evento, Gerson Almeida reconheceu que &eacute; preciso organizar uma pauta nacional e a partir da&iacute; construir uma pol&iacute;tica p&uacute;blica para a comunica&ccedil;&atilde;o, &quot;mais democr&aacute;tica que contemple um estado brasileiro realmente para todos&quot;.<\/p>\n<p>Com um pronunciamento emocionado, a representante dos movimentos sociais e do F&oacute;rum Nacional de Democratiza&ccedil;&atilde;o dos Meios de Comunica&ccedil;&atilde;o (FNDC), jornalista Lydiane Ponciano, prop&ocirc;s o fim dos monop&oacute;lios e oligop&oacute;lios de comunica&ccedil;&atilde;o e a implanta&ccedil;&atilde;o de conselhos de comunica&ccedil;&atilde;o deliberativos.<\/p>\n<p><strong>Confer&ecirc;ncia mineira &eacute; classificada como exemplo de democracia<\/strong><\/p>\n<p>A realiza&ccedil;&atilde;o da Confecon na Assembleia foi classificada como melhor exemplo de democracia participativa pelo coordenador da Comiss&atilde;o Organizadora Nacional, Marcelo Bechara. Segundo ele, o modelo mineiro foi o &uacute;nico no Pa&iacute;s a se realizar junto ao Poder Legislativo, &quot; na casa do povo&quot;. E manifestou sua certeza de que a Confecon de Minas servir&aacute; de exemplo de democracia, de consenso, e de respeito.<\/p>\n<p>Outro a destacar a multiplicidade de opini&otilde;es na organiza&ccedil;&atilde;o do evento foi o representante do segmento empresarial, Leonardo Jos&eacute; de Melo Brand&atilde;o, manifestando sua esperan&ccedil;a de que a confer&ecirc;ncia seja uma pr&aacute;tica de democracia. Enfoque semelhante foi dado pelo deputado Domingos S&aacute;vio (PSDB), que falou em nome do presidente da Assembleia, deputado Alberto Pinto Coelho (PP). Presidindo a mesa de abertura, Domingos S&aacute;vio afirmou que a Assembleia se colocava mais uma vez como espa&ccedil;o significativo de debates em Minas. O deputado lembrou as transforma&ccedil;&otilde;es tecnol&oacute;gicas na &aacute;rea de comunica&ccedil;&atilde;o para destacar a import&acirc;ncia da confer&ecirc;ncia, &quot;cujos trabalhos foram norteados pela liberdade desde o in&iacute;cio&quot;. Representante da ALMG na comiss&atilde;o organizadora, o deputado Carlin Moura (PCdoB) disse que a TV Assembleia &eacute; o exemplo real da democratiza&ccedil;&atilde;o da comunica&ccedil;&atilde;o.<\/p>\n<p>Discursaram ainda a deputada federal, J&ocirc; Moraes (PCdoB) e a prefeita de Betim, Maria do Carmo Lara (PT), que entregou &agrave; comiss&atilde;o organizadora a carta com propostas dos prefeitos da Regi&atilde;o Metropolitana de Belo Horizonte (RMBH), aprovada em recente semin&aacute;rio sobre comunica&ccedil;&atilde;o. Ainda na noite de sexta foi votado o regimento interno da confer&ecirc;ncia.<\/p>\n<p>Homenagem &#8211; Ap&oacute;s a abertura, foram homenageado os jornalistas D&iacute;dimo Paiva, Guy de Almeida e Jos&eacute; Cleves; o psic&oacute;logo Humberto Verona, presidente do Conselho Federal de Psicologia; o radialista Raimundo Anisseto; o deputado Domingos S&aacute;vio, e a prefeita Maria do Carmo Lara, todos com hist&oacute;rico de defesa da democracia na comunica&ccedil;&atilde;o. Tamb&eacute;m receberam homenagem Norton Faria Neto, Jo&atilde;o Martins Salles Filho e Jos&eacute; Lu&iacute;s da Silva, representando o setor empresarial.<\/span><\/p>\n","protected":false},"excerpt":{"rendered":"<p>A Confer&ecirc;ncia Estadual de Comunica&ccedil;&atilde;o, aberta na noite desta sexta-feira (13\/11\/09), no Plen&aacute;rio da Assembleia Legislativa de Minas Gerais, foi saudada como o espa&ccedil;o de busca da converg&ecirc;ncia de opini&otilde;es entre os segmentos empresarial, social e poder p&uacute;blico. Convocada pelo Governo do Estado, como etapa regional da confer&ecirc;ncia nacional que se realiza em Bras&iacute;lia, de &hellip; <a href=\"https:\/\/obscom.intervozes.org.br\/?p=23580\" class=\"more-link\">Continue lendo <span class=\"screen-reader-text\">MG:Confer\u00eancia de Comunica\u00e7\u00e3o \u00e9 saudada como busca de consenso<\/span> <span class=\"meta-nav\">&rarr;<\/span><\/a><\/p>\n","protected":false},"author":1,"featured_media":0,"comment_status":"open","ping_status":"open","sticky":false,"template":"","format":"standard","meta":{"footnotes":""},"categories":[40],"tags":[1012],"_links":{"self":[{"href":"https:\/\/obscom.intervozes.org.br\/index.php?rest_route=\/wp\/v2\/posts\/23580"}],"collection":[{"href":"https:\/\/obscom.intervozes.org.br\/index.php?rest_route=\/wp\/v2\/posts"}],"about":[{"href":"https:\/\/obscom.intervozes.org.br\/index.php?rest_route=\/wp\/v2\/types\/post"}],"author":[{"embeddable":true,"href":"https:\/\/obscom.intervozes.org.br\/index.php?rest_route=\/wp\/v2\/users\/1"}],"replies":[{"embeddable":true,"href":"https:\/\/obscom.intervozes.org.br\/index.php?rest_route=%2Fwp%2Fv2%2Fcomments&post=23580"}],"version-history":[{"count":0,"href":"https:\/\/obscom.intervozes.org.br\/index.php?rest_route=\/wp\/v2\/posts\/23580\/revisions"}],"wp:attachment":[{"href":"https:\/\/obscom.intervozes.org.br\/index.php?rest_route=%2Fwp%2Fv2%2Fmedia&parent=23580"}],"wp:term":[{"taxonomy":"category","embeddable":true,"href":"https:\/\/obscom.intervozes.org.br\/index.php?rest_route=%2Fwp%2Fv2%2Fcategories&post=23580"},{"taxonomy":"post_tag","embeddable":true,"href":"https:\/\/obscom.intervozes.org.br\/index.php?rest_route=%2Fwp%2Fv2%2Ftags&post=23580"}],"curies":[{"name":"wp","href":"https:\/\/api.w.org\/{rel}","templated":true}]}}