{"id":23578,"date":"2009-11-16T16:38:15","date_gmt":"2009-11-16T16:38:15","guid":{"rendered":"https:\/\/obscom.intervozes.org.br\/wordpress\/?p=23578"},"modified":"2009-11-16T16:38:15","modified_gmt":"2009-11-16T16:38:15","slug":"bahia-governo-anuncia-a-criacao-do-conselho-de-comunicacao","status":"publish","type":"post","link":"https:\/\/obscom.intervozes.org.br\/?p=23578","title":{"rendered":"Bahia: Governo anuncia a cria\u00e7\u00e3o do Conselho de Comunica\u00e7\u00e3o"},"content":{"rendered":"<p>O an&uacute;ncio da forma&ccedil;&atilde;o de um grupo de trabalho para a cria&ccedil;&atilde;o do Conselho Estadual de Comunica&ccedil;&atilde;o foi o ponto alto da abertura da etapa baiana da Confer&ecirc;ncia Nacional de Comunica&ccedil;&atilde;o (Confecom) ocorrida na manh&atilde; deste s&aacute;bado (14\/11), em Salvador. O decreto assinado pelo governador Jaques Wagner determina que o GT seja composto por representantes da sociedade civil, do setor p&uacute;blico e empresarial. O evento acontece at&eacute; domingo na Funda&ccedil;&atilde;o Lu&iacute;s Eduardo Magalh&atilde;es, no Centro Administrativo da Bahia.<\/p>\n<p>Mesa de abertura da etapa baiana da Confer&ecirc;ncia Nacional de Comunica&ccedil;&atilde;o<br \/>A decis&atilde;o do Governo Estadual de criar o Conselho mant&eacute;m o pioneirismo da Bahia no setor, iniciada no ano passado com a realiza&ccedil;&atilde;o da 1&ordf; Confer&ecirc;ncia de Comunica&ccedil;&atilde;o da Bahia, &uacute;nica do segmento no pa&iacute;s. &ldquo;A Confecom nacional acontece em um momento especial para o Brasil e tem o papel de ajudar na consolida&ccedil;&atilde;o da democracia no pa&iacute;s. Est&aacute; na hora das elites perceberem que em uma sociedade democr&aacute;tica, n&atilde;o h&aacute; tema que n&atilde;o possa ser discutido pelo conjunto da sociedade.Estamos derrubando o &uacute;ltimo tabu depois da redemocratiza&ccedil;&atilde;o do pa&iacute;s&rdquo; afirmou Jaques Wagner.<\/p>\n<p>A import&acirc;ncia da Confer&ecirc;ncia tamb&eacute;m foi ressaltada pela secret&aacute;ria estadual de Comunica&ccedil;&atilde;o do PCdoB, Julieta Palmeira, que representou a sociedade civil na mesa de abertura do evento. &ldquo;A realiza&ccedil;&atilde;o da Confecom &eacute; um passo muito importante para o reconhecimento da comunica&ccedil;&atilde;o como um direito humano, t&atilde;o essencial quanto a educa&ccedil;&atilde;o e a sa&uacute;de. &Eacute; preciso entender que democratizar o acesso &agrave; m&iacute;dia &eacute; fator primordial para o desenvolvimento do pa&iacute;s. Por isso, discutir este tema n&atilde;o &eacute; tarefa apenas dos especialistas no setor, mas de toda a sociedade&rdquo;, disse.<\/p>\n<p>Julieta conclamou ainda o movimento social a se unir contra o monop&oacute;lio da m&iacute;dia no pa&iacute;s. &ldquo;Temos muitas demandas, por isso precisamos nos unir em torno de uma agenda comum, que garanta a pluralidade e diversidade de vozes nos meios de comunica&ccedil;&atilde;o. S&atilde;o pontos importantes como a redistribui&ccedil;&atilde;o das verbas publicit&aacute;rias, a cria&ccedil;&atilde;o de uma rede p&uacute;blica de comunica&ccedil;&atilde;o e o estabelecimento de um novo marco regulat&oacute;rio para o setor. A nossa uni&atilde;o &eacute; a &uacute;nica forma de avan&ccedil;ar na democratiza&ccedil;&atilde;o da m&iacute;dia e no acesso &agrave; comunica&ccedil;&atilde;o no pa&iacute;s&rdquo;, argumentou.<\/p>\n<p><strong>M&iacute;dia golpista<\/strong><\/p>\n<p>O evento contou ainda com a palestra do jornalista Paulo Henrique Amorim, que falou sobre as estrat&eacute;gias da imprensa brasileira para derrubar o presidente Luiz In&aacute;cio Lula da Silva. &ldquo;A cobertura da imprensa de fatos recentes como a gripe su&iacute;na, a crise no Senado e apag&atilde;o da &uacute;ltima quarta-feira &eacute; mais uma prova de que a m&iacute;dia no pa&iacute;s &eacute; um partido de oposi&ccedil;&atilde;o. Se constitui no PIG (Partido da M&iacute;dia Golpista), que tenta desestabilizar o Governo Lula desde o primeiro dia. Esta &eacute; uma campanha semelhante a que causou o suic&iacute;dio de Get&uacute;lio Vargas em 1954 e a que derrubou o presidente Jo&atilde;o Gulart em 1964. &Eacute; o mesmo esquema e a mesma m&iacute;dia.&rdquo;, declarou Amorim.<\/p>\n<p>Para o jornalista, &eacute; preciso estabelecer uma nova regula&ccedil;&atilde;o para o setor no pa&iacute;s, uma vez que a atual foi feita antes da exist&ecirc;ncia da televis&atilde;o e Internetl. &ldquo;&Eacute; preciso rever tamb&eacute;m a concentra&ccedil;&atilde;o da m&iacute;dia no pa&iacute;s, onde apenas tr&ecirc;s fam&iacute;lias det&ecirc;m a maior parte dos ve&iacute;culos de comunica&ccedil;&atilde;o. Com isso, a Rede Globo det&eacute;m 70% de toda a verba publicit&aacute;ria no pa&iacute;s. Situa&ccedil;&atilde;o que n&atilde;o tem precedente em nenhum pa&iacute;s democr&aacute;tico do mundo&rdquo;, lembrou.<\/p>\n<p>Amorim manifestou ainda o desejo de que a Confecom resulte realmente em avan&ccedil;os para o acesso &agrave; comunica&ccedil;&atilde;o no pa&iacute;s. &ldquo;Espero que deste debate resulte na cria&ccedil;&atilde;o de instrumento de democratiza&ccedil;&atilde;o do acesso &agrave; informa&ccedil;&atilde;o, como a cria&ccedil;&atilde;o de um sistema de banda larga nacional, gerenciado pelo governo, al&eacute;m de uma rede de comunica&ccedil;&atilde;o de alcance nacional, que possa disputar em p&eacute; de igualdade com os ve&iacute;culos existentes a audi&ecirc;ncia da popula&ccedil;&atilde;o&rdquo;, concluiu.<br \/><strong><br \/>Programa&ccedil;&atilde;o<\/strong><\/p>\n<p>A Confer&ecirc;ncia segue no per&iacute;odo da tarde com a realiza&ccedil;&atilde;o de pain&eacute;is simult&acirc;neos sobre os tr&ecirc;s eixos norteadores do evento. No primeiro painel ser&aacute; discutida a de conte&uacute;do, com palestras de Marcos Dantas, professor da PUC do Rio de Janeiro; o publicit&aacute;rio Nelson Cadena e o professor da Facom\/UFBA Albino Rubim. O segundo painel tem como tema central os meios de distribui&ccedil;&atilde;o, com interven&ccedil;&otilde;es de Jonas Valente do coletivo Intervozes; o professor S&eacute;rgio Matos e o secret&aacute;rio Estadual de Planejamento, Walter Pinheiro.<\/p>\n<p>&nbsp;painel com o maior n&uacute;mero do inscritos foi o de cidadania:direitos e deveres, que tem como palestrantes o jornalista do Portal Vermelho, Altamiro Borges, o vice presidente da Rede Bandeirantes Bahia, Walter Ceneviva e o Promotor de Justi&ccedil;a e Cidadania do Minist&eacute;rio P&uacute;blico Estadual. Ap&oacute;s os pain&eacute;is acontecem os grupos de trabalho.<\/p>\n<p>&Agrave;s 18h, come&ccedil;a a reuni&atilde;o separada dos segmentos, onde ser&aacute; discutida as formas de elei&ccedil;&atilde;o de delegados de cada setor &ndash; p&uacute;blico, empresarial e da sociedade civil. Na manh&atilde; de domingo, acontece a plen&aacute;ria final, com a elei&ccedil;&atilde;o dos delegados e a exposi&ccedil;&atilde;o da contribui&ccedil;&atilde;o da Bahia para o debate nacional.<\/p>\n","protected":false},"excerpt":{"rendered":"<p>O an&uacute;ncio da forma&ccedil;&atilde;o de um grupo de trabalho para a cria&ccedil;&atilde;o do Conselho Estadual de Comunica&ccedil;&atilde;o foi o ponto alto da abertura da etapa baiana da Confer&ecirc;ncia Nacional de Comunica&ccedil;&atilde;o (Confecom) ocorrida na manh&atilde; deste s&aacute;bado (14\/11), em Salvador. O decreto assinado pelo governador Jaques Wagner determina que o GT seja composto por representantes &hellip; <a href=\"https:\/\/obscom.intervozes.org.br\/?p=23578\" class=\"more-link\">Continue lendo <span class=\"screen-reader-text\">Bahia: Governo anuncia a cria\u00e7\u00e3o do Conselho de Comunica\u00e7\u00e3o<\/span> <span class=\"meta-nav\">&rarr;<\/span><\/a><\/p>\n","protected":false},"author":1,"featured_media":0,"comment_status":"open","ping_status":"open","sticky":false,"template":"","format":"standard","meta":{"footnotes":""},"categories":[40],"tags":[1012],"_links":{"self":[{"href":"https:\/\/obscom.intervozes.org.br\/index.php?rest_route=\/wp\/v2\/posts\/23578"}],"collection":[{"href":"https:\/\/obscom.intervozes.org.br\/index.php?rest_route=\/wp\/v2\/posts"}],"about":[{"href":"https:\/\/obscom.intervozes.org.br\/index.php?rest_route=\/wp\/v2\/types\/post"}],"author":[{"embeddable":true,"href":"https:\/\/obscom.intervozes.org.br\/index.php?rest_route=\/wp\/v2\/users\/1"}],"replies":[{"embeddable":true,"href":"https:\/\/obscom.intervozes.org.br\/index.php?rest_route=%2Fwp%2Fv2%2Fcomments&post=23578"}],"version-history":[{"count":0,"href":"https:\/\/obscom.intervozes.org.br\/index.php?rest_route=\/wp\/v2\/posts\/23578\/revisions"}],"wp:attachment":[{"href":"https:\/\/obscom.intervozes.org.br\/index.php?rest_route=%2Fwp%2Fv2%2Fmedia&parent=23578"}],"wp:term":[{"taxonomy":"category","embeddable":true,"href":"https:\/\/obscom.intervozes.org.br\/index.php?rest_route=%2Fwp%2Fv2%2Fcategories&post=23578"},{"taxonomy":"post_tag","embeddable":true,"href":"https:\/\/obscom.intervozes.org.br\/index.php?rest_route=%2Fwp%2Fv2%2Ftags&post=23578"}],"curies":[{"name":"wp","href":"https:\/\/api.w.org\/{rel}","templated":true}]}}