{"id":23574,"date":"2009-11-16T12:09:34","date_gmt":"2009-11-16T12:09:34","guid":{"rendered":"https:\/\/obscom.intervozes.org.br\/wordpress\/?p=23574"},"modified":"2009-11-16T12:09:34","modified_gmt":"2009-11-16T12:09:34","slug":"santa-catarina-propoe-defensoria-publica-para-cultura-digital-e-midia-comunitaria","status":"publish","type":"post","link":"https:\/\/obscom.intervozes.org.br\/?p=23574","title":{"rendered":"Santa Catarina prop\u00f5e defensoria p\u00fablica para cultura digital e m\u00eddia comunit\u00e1ria"},"content":{"rendered":"<p><span class=\"padrao\"><strong>Reproduzido do site&nbsp; do Minist&eacute;rio da Comunica&ccedil;&otilde;es<\/strong><\/p>\n<p>A Confer&ecirc;ncia Estadual de Comunica&ccedil;&atilde;o de Santa Catarina (Conecom &ndash;SC)&nbsp; encerrou as suas atividades neste domingo&nbsp; (15) com a apresenta&ccedil;&atilde;o de mais de 450 propostas que ser&atilde;o encaminhadas &agrave; Comiss&atilde;o Organizadora Nacional da 1&ordf; Confer&ecirc;ncia Nacional de Comunica&ccedil;&atilde;o (1&ordf; Confecom) que acontecer&aacute; entre 14 e 17 de dezembro, em Bras&iacute;lia. A defesa de um novo marco regulat&oacute;rio de comunica&ccedil;&atilde;o foi o tema de destaque na etapa catarinense, que apresentou entre suas propostas a cria&ccedil;&atilde;o de uma defensoria p&uacute;blica especializada em cultura digital e m&iacute;dia comunit&aacute;ria.<\/p>\n<p>A Conecom-SC mostrou a unidade dos tr&ecirc;s segmentos (sociedade civil, sociedade civil empresarial e poder p&uacute;blico) nas elabora&ccedil;&otilde;es das propostas. C&aacute;ssio Giovani Turra, representante da Associa&ccedil;&atilde;o Brasileira de R&aacute;dios Comunit&aacute;rias (ABRA&Ccedil;O) na Comiss&atilde;o Organizadora Estadual, definiu como produtivos os debates. &ldquo;Podemos ter avan&ccedil;os efetivos em rela&ccedil;&atilde;o &agrave;s r&aacute;dios comunit&aacute;rias e em algumas quest&otilde;es pontuais como a necessidade de observa&ccedil;&atilde;o de par&acirc;metros m&iacute;nimos de produ&ccedil;&atilde;o de conte&uacute;do dentro dos meios de distribui&ccedil;&atilde;o&rdquo;, disse.<\/p>\n<p>A Secret&aacute;ria de Comunica&ccedil;&atilde;o da CUT Nacional e membro da Comiss&atilde;o Organizadora Nacional, Rosane Bertotti, destacou a diversidade como a grande import&acirc;ncia da 1&ordf; Confecom. &ldquo;Este &eacute; um momento que temos desde pensadores e acad&ecirc;micos at&eacute; oper&aacute;rios debatendo comunica&ccedil;&atilde;o. Nessa oportunidade voc&ecirc; tem o patr&atilde;o e o empregado, o setor p&uacute;blico e o contribuinte elaborando propostas de pol&iacute;ticas p&uacute;blicas. &Eacute; assim que se faz democracia&rdquo;, afirma Rosane.<\/p>\n<p>Com um total de 251 credenciados, Santa Catarina elegeu 45 delegados que representar&atilde;o o estado na etapa nacional; 20 representantes da sociedade civil, 20 delegados da sociedade civil empresarial e cinco para poder p&uacute;blico.<\/p>\n<p>A Conecom-SC&nbsp; realizou-se &nbsp;nos dias 14 e 15 de novembro na Assembl&eacute;ia Legislativa em Florian&oacute;polis.<br \/><\/span><\/p>\n","protected":false},"excerpt":{"rendered":"<p>Reproduzido do site&nbsp; do Minist&eacute;rio da Comunica&ccedil;&otilde;es A Confer&ecirc;ncia Estadual de Comunica&ccedil;&atilde;o de Santa Catarina (Conecom &ndash;SC)&nbsp; encerrou as suas atividades neste domingo&nbsp; (15) com a apresenta&ccedil;&atilde;o de mais de 450 propostas que ser&atilde;o encaminhadas &agrave; Comiss&atilde;o Organizadora Nacional da 1&ordf; Confer&ecirc;ncia Nacional de Comunica&ccedil;&atilde;o (1&ordf; Confecom) que acontecer&aacute; entre 14 e 17 de dezembro, &hellip; <a href=\"https:\/\/obscom.intervozes.org.br\/?p=23574\" class=\"more-link\">Continue lendo <span class=\"screen-reader-text\">Santa Catarina prop\u00f5e defensoria p\u00fablica para cultura digital e m\u00eddia comunit\u00e1ria<\/span> <span class=\"meta-nav\">&rarr;<\/span><\/a><\/p>\n","protected":false},"author":1,"featured_media":0,"comment_status":"open","ping_status":"open","sticky":false,"template":"","format":"standard","meta":{"footnotes":""},"categories":[39],"tags":[],"_links":{"self":[{"href":"https:\/\/obscom.intervozes.org.br\/index.php?rest_route=\/wp\/v2\/posts\/23574"}],"collection":[{"href":"https:\/\/obscom.intervozes.org.br\/index.php?rest_route=\/wp\/v2\/posts"}],"about":[{"href":"https:\/\/obscom.intervozes.org.br\/index.php?rest_route=\/wp\/v2\/types\/post"}],"author":[{"embeddable":true,"href":"https:\/\/obscom.intervozes.org.br\/index.php?rest_route=\/wp\/v2\/users\/1"}],"replies":[{"embeddable":true,"href":"https:\/\/obscom.intervozes.org.br\/index.php?rest_route=%2Fwp%2Fv2%2Fcomments&post=23574"}],"version-history":[{"count":0,"href":"https:\/\/obscom.intervozes.org.br\/index.php?rest_route=\/wp\/v2\/posts\/23574\/revisions"}],"wp:attachment":[{"href":"https:\/\/obscom.intervozes.org.br\/index.php?rest_route=%2Fwp%2Fv2%2Fmedia&parent=23574"}],"wp:term":[{"taxonomy":"category","embeddable":true,"href":"https:\/\/obscom.intervozes.org.br\/index.php?rest_route=%2Fwp%2Fv2%2Fcategories&post=23574"},{"taxonomy":"post_tag","embeddable":true,"href":"https:\/\/obscom.intervozes.org.br\/index.php?rest_route=%2Fwp%2Fv2%2Ftags&post=23574"}],"curies":[{"name":"wp","href":"https:\/\/api.w.org\/{rel}","templated":true}]}}