{"id":23573,"date":"2009-11-16T12:06:14","date_gmt":"2009-11-16T12:06:14","guid":{"rendered":"https:\/\/obscom.intervozes.org.br\/wordpress\/?p=23573"},"modified":"2009-11-16T12:06:14","modified_gmt":"2009-11-16T12:06:14","slug":"pernambuco-pede-forca-a-regionalizacao-da-producao-de-conteudo","status":"publish","type":"post","link":"https:\/\/obscom.intervozes.org.br\/?p=23573","title":{"rendered":"Pernambuco pede for\u00e7a \u00e0 regionaliza\u00e7\u00e3o da produ\u00e7\u00e3o de conte\u00fado"},"content":{"rendered":"<p><span class=\"padrao\"><strong>Reproduzido do site do Minist&eacute;rio das Comunica&ccedil;&otilde;es<\/strong><\/p>\n<p>A regionaliza&ccedil;&atilde;o da produ&ccedil;&atilde;o de conte&uacute;do foi a t&ocirc;nica da Confer&ecirc;ncia Estadual de Pernambuco (Conecom-PE), que chegou ao fim neste domingo no Recife ap&oacute;s tr&ecirc;s dias de debates. As mais de 500 propostas formuladas no encontro ser&atilde;o encaminhadas &agrave; Comiss&atilde;o Organizadora da 1&ordf; Confecom, que est&aacute; convocada para os dias 14 e 17 de dezembro, em Bras&iacute;lia. <\/p>\n<p>A valoriza&ccedil;&atilde;o da cultura do estado e a produ&ccedil;&atilde;o de conte&uacute;do local foram destacadas por representantes dos tr&ecirc;s segmentos &ndash; sociedade civil, sociedade civil empresarial e poder p&uacute;blico &ndash; como pontos fundamentais da discuss&atilde;o que reuniu mais de&nbsp;200 pessoas na capital desde sexta-feira, dia 13. Aldo Loretto, representante do Sindicato dos Trabalhadores da Comunica&ccedil;&atilde;o, ressalta a import&acirc;ncia de propostas como a que incentiva a regionaliza&ccedil;&atilde;o da programa&ccedil;&atilde;o televisiva. &ldquo;A regionaliza&ccedil;&atilde;o &eacute; a valoriza&ccedil;&atilde;o da cultura de cada parte deste pa&iacute;s. Este tema &eacute; um ponto de intersec&ccedil;&atilde;o entre os tr&ecirc;s segmentos porque todos concordam que &eacute; um aspecto fundamental para que se possa falar em democratiza&ccedil;&atilde;o dos meios de comunica&ccedil;&atilde;o&rdquo;. <\/p>\n<p>Outro ponto de destaque do encontro foi o que prop&otilde;e a produ&ccedil;&atilde;o local do material did&aacute;tico distribu&iacute;do gratuitamente. &ldquo;Isso reduz os custos, amplia o mercado de trabalho local, agiliza a distribui&ccedil;&atilde;o e refor&ccedil;a a economia da regi&atilde;o&rdquo;, disse Ricardo Costa, diretor regional da Stampa Outdoor. <\/p>\n<p>Ao fim da plen&aacute;ria final foram eleitos os 68 delegados que representar&atilde;o Pernambuco na 1&ordf; Confecom, sendo 30 representantes da sociedade civil, 30 da sociedade civil empresarial e oito do poder p&uacute;blico.<br \/><\/span><\/p>\n","protected":false},"excerpt":{"rendered":"<p>Reproduzido do site do Minist&eacute;rio das Comunica&ccedil;&otilde;es A regionaliza&ccedil;&atilde;o da produ&ccedil;&atilde;o de conte&uacute;do foi a t&ocirc;nica da Confer&ecirc;ncia Estadual de Pernambuco (Conecom-PE), que chegou ao fim neste domingo no Recife ap&oacute;s tr&ecirc;s dias de debates. As mais de 500 propostas formuladas no encontro ser&atilde;o encaminhadas &agrave; Comiss&atilde;o Organizadora da 1&ordf; Confecom, que est&aacute; convocada para &hellip; <a href=\"https:\/\/obscom.intervozes.org.br\/?p=23573\" class=\"more-link\">Continue lendo <span class=\"screen-reader-text\">Pernambuco pede for\u00e7a \u00e0 regionaliza\u00e7\u00e3o da produ\u00e7\u00e3o de conte\u00fado<\/span> <span class=\"meta-nav\">&rarr;<\/span><\/a><\/p>\n","protected":false},"author":1,"featured_media":0,"comment_status":"open","ping_status":"open","sticky":false,"template":"","format":"standard","meta":{"footnotes":""},"categories":[39],"tags":[],"_links":{"self":[{"href":"https:\/\/obscom.intervozes.org.br\/index.php?rest_route=\/wp\/v2\/posts\/23573"}],"collection":[{"href":"https:\/\/obscom.intervozes.org.br\/index.php?rest_route=\/wp\/v2\/posts"}],"about":[{"href":"https:\/\/obscom.intervozes.org.br\/index.php?rest_route=\/wp\/v2\/types\/post"}],"author":[{"embeddable":true,"href":"https:\/\/obscom.intervozes.org.br\/index.php?rest_route=\/wp\/v2\/users\/1"}],"replies":[{"embeddable":true,"href":"https:\/\/obscom.intervozes.org.br\/index.php?rest_route=%2Fwp%2Fv2%2Fcomments&post=23573"}],"version-history":[{"count":0,"href":"https:\/\/obscom.intervozes.org.br\/index.php?rest_route=\/wp\/v2\/posts\/23573\/revisions"}],"wp:attachment":[{"href":"https:\/\/obscom.intervozes.org.br\/index.php?rest_route=%2Fwp%2Fv2%2Fmedia&parent=23573"}],"wp:term":[{"taxonomy":"category","embeddable":true,"href":"https:\/\/obscom.intervozes.org.br\/index.php?rest_route=%2Fwp%2Fv2%2Fcategories&post=23573"},{"taxonomy":"post_tag","embeddable":true,"href":"https:\/\/obscom.intervozes.org.br\/index.php?rest_route=%2Fwp%2Fv2%2Ftags&post=23573"}],"curies":[{"name":"wp","href":"https:\/\/api.w.org\/{rel}","templated":true}]}}