{"id":23572,"date":"2009-11-16T12:03:45","date_gmt":"2009-11-16T12:03:45","guid":{"rendered":"https:\/\/obscom.intervozes.org.br\/wordpress\/?p=23572"},"modified":"2009-11-16T12:03:45","modified_gmt":"2009-11-16T12:03:45","slug":"bahia-propoe-estimulo-a-producao-de-conteudo-para-discussao-na-1a-confecom","status":"publish","type":"post","link":"https:\/\/obscom.intervozes.org.br\/?p=23572","title":{"rendered":"Bahia prop\u00f5e est\u00edmulo \u00e0 produ\u00e7\u00e3o de conte\u00fado para discuss\u00e3o na 1\u00aa Confecom"},"content":{"rendered":"<p><span class=\"padrao\"><strong>Reproduzido do Site do Minist&eacute;rio das Comunica&ccedil;&otilde;es<\/strong><\/p>\n<p>&nbsp;Ap&oacute;s dois dias de debates chegou ao fim neste domingo (15), a Confer&ecirc;ncia Estadual de Comunica&ccedil;&atilde;o da Bahia (Conecom-BA). Entre as propostas, a que teve maior destaque foi a que prev&ecirc; a&nbsp;aplica&ccedil;&atilde;o de medidas pr&aacute;ticas para&nbsp; facilitar o cumprimento do artigo 221 da Constitui&ccedil;&atilde;o Federal, que trata da cota de produ&ccedil;&atilde;o de 30% de conte&uacute;do regional pelos meios de comunica&ccedil;&atilde;o. Mais de 200 propostas ser&atilde;o encaminhadas &agrave; Comiss&atilde;o Organizadora Nacional da 1&ordf; Confecom, evento nacional de Comunica&ccedil;&atilde;o que acontece em Bras&iacute;lia, dos dias 14 a 17 de dezembro. <\/p>\n<p>A cria&ccedil;&atilde;o do Conselho Estadual de Comunica&ccedil;&atilde;o, decretado na abertura da Conecom-BA pelo governador do estado, Jacques Wagner; a elabora&ccedil;&atilde;o de uma pol&iacute;tica nacional de regulamenta&ccedil;&atilde;o das comunica&ccedil;&otilde;es; e a concess&atilde;o de r&aacute;dios comunit&aacute;rias estiveram entre outras propostas aclamadas pela plen&aacute;ria da Conecom-BA.<\/p>\n<p>As propostas se desenvolveram a partir dos tr&ecirc;s eixos tem&aacute;ticos propostos pela dire&ccedil;&atilde;o do evento: Produ&ccedil;&atilde;o de conte&uacute;do; Meios de distribui&ccedil;&atilde;o; e Cidadania: direitos e deveres. Sobre a participa&ccedil;&atilde;o baiana na 1&ordf; Confecom, Gilberto Rios, membro da ACCOM (Associa&ccedil;&atilde;o Brasileira de Canais Comunit&aacute;rios), que estar&aacute; presente em Bras&iacute;lia, declarou acerca da contribui&ccedil;&atilde;o do estado. &ldquo;A Bahia j&aacute; deu um grande exemplo para o Brasil ao fazer uma primeira Confer&ecirc;ncia Estadual, em 2008. Esse pioneirismo &eacute; um incentivo para toda a na&ccedil;&atilde;o&rdquo;, afirma.<\/p>\n<p>A Bahia elegeu 108 delegados para representar o estado na Confer&ecirc;ncia Nacional de Comunica&ccedil;&atilde;o. Foram 12 do poder p&uacute;blico, 48 da sociedade civil e a mesma quantidade, 48, da sociedade civil empresarial.<\/p>\n<p>A Conecom da Bahia aconteceu entre os dias 14 e 15 de novembro.<br \/><\/span><\/p>\n","protected":false},"excerpt":{"rendered":"<p>Reproduzido do Site do Minist&eacute;rio das Comunica&ccedil;&otilde;es &nbsp;Ap&oacute;s dois dias de debates chegou ao fim neste domingo (15), a Confer&ecirc;ncia Estadual de Comunica&ccedil;&atilde;o da Bahia (Conecom-BA). Entre as propostas, a que teve maior destaque foi a que prev&ecirc; a&nbsp;aplica&ccedil;&atilde;o de medidas pr&aacute;ticas para&nbsp; facilitar o cumprimento do artigo 221 da Constitui&ccedil;&atilde;o Federal, que trata da &hellip; <a href=\"https:\/\/obscom.intervozes.org.br\/?p=23572\" class=\"more-link\">Continue lendo <span class=\"screen-reader-text\">Bahia prop\u00f5e est\u00edmulo \u00e0 produ\u00e7\u00e3o de conte\u00fado para discuss\u00e3o na 1\u00aa Confecom<\/span> <span class=\"meta-nav\">&rarr;<\/span><\/a><\/p>\n","protected":false},"author":1,"featured_media":0,"comment_status":"open","ping_status":"open","sticky":false,"template":"","format":"standard","meta":{"footnotes":""},"categories":[39],"tags":[],"_links":{"self":[{"href":"https:\/\/obscom.intervozes.org.br\/index.php?rest_route=\/wp\/v2\/posts\/23572"}],"collection":[{"href":"https:\/\/obscom.intervozes.org.br\/index.php?rest_route=\/wp\/v2\/posts"}],"about":[{"href":"https:\/\/obscom.intervozes.org.br\/index.php?rest_route=\/wp\/v2\/types\/post"}],"author":[{"embeddable":true,"href":"https:\/\/obscom.intervozes.org.br\/index.php?rest_route=\/wp\/v2\/users\/1"}],"replies":[{"embeddable":true,"href":"https:\/\/obscom.intervozes.org.br\/index.php?rest_route=%2Fwp%2Fv2%2Fcomments&post=23572"}],"version-history":[{"count":0,"href":"https:\/\/obscom.intervozes.org.br\/index.php?rest_route=\/wp\/v2\/posts\/23572\/revisions"}],"wp:attachment":[{"href":"https:\/\/obscom.intervozes.org.br\/index.php?rest_route=%2Fwp%2Fv2%2Fmedia&parent=23572"}],"wp:term":[{"taxonomy":"category","embeddable":true,"href":"https:\/\/obscom.intervozes.org.br\/index.php?rest_route=%2Fwp%2Fv2%2Fcategories&post=23572"},{"taxonomy":"post_tag","embeddable":true,"href":"https:\/\/obscom.intervozes.org.br\/index.php?rest_route=%2Fwp%2Fv2%2Ftags&post=23572"}],"curies":[{"name":"wp","href":"https:\/\/api.w.org\/{rel}","templated":true}]}}