{"id":23571,"date":"2009-11-16T12:00:58","date_gmt":"2009-11-16T12:00:58","guid":{"rendered":"https:\/\/obscom.intervozes.org.br\/wordpress\/?p=23571"},"modified":"2009-11-16T12:00:58","modified_gmt":"2009-11-16T12:00:58","slug":"radios-comunitarias-e-universalizacao-da-internet-dominam-debate-em-belo-horizonte","status":"publish","type":"post","link":"https:\/\/obscom.intervozes.org.br\/?p=23571","title":{"rendered":"R\u00e1dios Comunit\u00e1rias e universaliza\u00e7\u00e3o da internet dominam debate em Belo Horizonte"},"content":{"rendered":"<p><span class=\"padrao\"><strong>Reproduzido do site do Minist&eacute;rio das Comunica&ccedil;&otilde;es<br \/><\/strong><\/p>\n<p>As r&aacute;dios comunit&aacute;rias e a universaliza&ccedil;&atilde;o da internet foram os temas mais abordados no universo de 674 propostas formalizadas pela Confer&ecirc;ncia Estadual de Comunica&ccedil;&atilde;o de Minas Gerais (Conecom-MG), que &nbsp;encerrou neste domingo (15), ap&oacute;s tr&ecirc;s dias de trabalho em Belo Horizonte. As propostas da Conecom-MG ser&atilde;o enviadas &agrave; Comiss&atilde;o Organizadora Nacional (CON) da 1&ordf; Confecom, e integrar&atilde;o &nbsp;o caderno de propostas que ser&aacute; discutido na plen&aacute;ria nacional, programada para 14 a 17 de dezembro, em Bras&iacute;lia. &nbsp;<\/p>\n<p>Os grupos de trabalho foram pautados pelos tr&ecirc;s eixos tem&aacute;ticos pr&eacute;-definidos pela CON. O grupo que trabalhou o eixo &ldquo;Produ&ccedil;&atilde;o de conte&uacute;do&rdquo; fez 121 propostas, com destaque para a permiss&atilde;o &agrave;s r&aacute;dios comunit&aacute;rias para veicular propaganda comercial, e&nbsp; n&atilde;o apenas conte&uacute;do &nbsp;de apoio cultural. Os participantes do grupo do eixo &ldquo;Meios de distribui&ccedil;&atilde;o&rdquo; apresentaram 258 propostas, com &ecirc;nfase para a proposta de amplia&ccedil;&atilde;o dos crit&eacute;rios para concess&atilde;o dos canais comunit&aacute;rios e a inclus&atilde;o, nas pol&iacute;ticas governamentais, do acesso gratuito &agrave; internet banda larga para toda a popula&ccedil;&atilde;o. Os debates do eixo &ldquo;Cidadania: direitos e deveres&rdquo; renderam 295 propostas. &nbsp;Entre elas, a que trata da flexibiliza&ccedil;&atilde;o da legisla&ccedil;&atilde;o de r&aacute;dios comunit&aacute;rias gerou bastante discuss&atilde;o entre os participantes.<\/p>\n<p>O presidente da Comiss&atilde;o Organizadora da 1&ordf; Confecom e assessor jur&iacute;dico do Minist&eacute;rio das Comunica&ccedil;&otilde;es, Marcelo Bechara, destacou o n&uacute;mero de propostas apresentadas. &ldquo;As dez confer&ecirc;ncias estaduais realizadas at&eacute; agora est&atilde;o mostrando que h&aacute; uma massa cr&iacute;tica pensando a comunica&ccedil;&atilde;o&rdquo;, comentou Bechara, apontando a import&acirc;ncia das novas m&iacute;dias nos debates realizados at&eacute; agora.<\/p>\n<p>Em Minas Gerais, tamb&eacute;m foram apresentadas 18 mo&ccedil;&otilde;es, dentre elas a que defende a obrigatoriedade do diploma para o exerc&iacute;cio da profiss&atilde;o de jornalista, e a de rep&uacute;dio a qualquer tipo de cerceamento da liberdade de imprensa.<\/span> <\/p>\n","protected":false},"excerpt":{"rendered":"<p>Reproduzido do site do Minist&eacute;rio das Comunica&ccedil;&otilde;es As r&aacute;dios comunit&aacute;rias e a universaliza&ccedil;&atilde;o da internet foram os temas mais abordados no universo de 674 propostas formalizadas pela Confer&ecirc;ncia Estadual de Comunica&ccedil;&atilde;o de Minas Gerais (Conecom-MG), que &nbsp;encerrou neste domingo (15), ap&oacute;s tr&ecirc;s dias de trabalho em Belo Horizonte. As propostas da Conecom-MG ser&atilde;o enviadas &agrave; &hellip; <a href=\"https:\/\/obscom.intervozes.org.br\/?p=23571\" class=\"more-link\">Continue lendo <span class=\"screen-reader-text\">R\u00e1dios Comunit\u00e1rias e universaliza\u00e7\u00e3o da internet dominam debate em Belo Horizonte<\/span> <span class=\"meta-nav\">&rarr;<\/span><\/a><\/p>\n","protected":false},"author":1,"featured_media":0,"comment_status":"open","ping_status":"open","sticky":false,"template":"","format":"standard","meta":{"footnotes":""},"categories":[39],"tags":[],"_links":{"self":[{"href":"https:\/\/obscom.intervozes.org.br\/index.php?rest_route=\/wp\/v2\/posts\/23571"}],"collection":[{"href":"https:\/\/obscom.intervozes.org.br\/index.php?rest_route=\/wp\/v2\/posts"}],"about":[{"href":"https:\/\/obscom.intervozes.org.br\/index.php?rest_route=\/wp\/v2\/types\/post"}],"author":[{"embeddable":true,"href":"https:\/\/obscom.intervozes.org.br\/index.php?rest_route=\/wp\/v2\/users\/1"}],"replies":[{"embeddable":true,"href":"https:\/\/obscom.intervozes.org.br\/index.php?rest_route=%2Fwp%2Fv2%2Fcomments&post=23571"}],"version-history":[{"count":0,"href":"https:\/\/obscom.intervozes.org.br\/index.php?rest_route=\/wp\/v2\/posts\/23571\/revisions"}],"wp:attachment":[{"href":"https:\/\/obscom.intervozes.org.br\/index.php?rest_route=%2Fwp%2Fv2%2Fmedia&parent=23571"}],"wp:term":[{"taxonomy":"category","embeddable":true,"href":"https:\/\/obscom.intervozes.org.br\/index.php?rest_route=%2Fwp%2Fv2%2Fcategories&post=23571"},{"taxonomy":"post_tag","embeddable":true,"href":"https:\/\/obscom.intervozes.org.br\/index.php?rest_route=%2Fwp%2Fv2%2Ftags&post=23571"}],"curies":[{"name":"wp","href":"https:\/\/api.w.org\/{rel}","templated":true}]}}