{"id":23570,"date":"2009-11-13T15:54:01","date_gmt":"2009-11-13T15:54:01","guid":{"rendered":"https:\/\/obscom.intervozes.org.br\/wordpress\/?p=23570"},"modified":"2009-11-13T15:54:01","modified_gmt":"2009-11-13T15:54:01","slug":"entidades-vao-criar-indicadores-do-direito-a-comunicacao","status":"publish","type":"post","link":"https:\/\/obscom.intervozes.org.br\/?p=23570","title":{"rendered":"Entidades v\u00e3o criar indicadores do direito \u00e0 comunica\u00e7\u00e3o"},"content":{"rendered":"<p>   \t \t \t \t \t<!-- \t\t@page { margin: 2cm } \t\tP { margin-bottom: 0.21cm } \t--><\/p>\n<p style=\"margin-bottom: 0cm\" class=\"padrao\"><span class=\"padrao\">Ser&aacute; que a comunica&ccedil;&atilde;o no pa&iacute;s &eacute; mais democr&aacute;tica hoje do que h&aacute; dez anos? Ser&aacute; que o nosso sistema &eacute; mais plural do que o dos pa&iacute;ses vizinhos? Qual seria a situa&ccedil;&atilde;o ideal para se dizer que o direito &agrave; comunica&ccedil;&atilde;o foi concretizado? Embora cada um tenha suas pr&oacute;prias respostas para essas quest&otilde;es, n&atilde;o &eacute; simples respond&ecirc;-las. Um dos motivos pode ser a falta de um sistema de medidas para objetivar e quantificar o grau de democracia na m&iacute;dia brasileira. Com essa preocupa&ccedil;&atilde;o, setores acad&ecirc;micos se uniram &agrave; Organiza&ccedil;&atilde;o das Na&ccedil;&otilde;es Unidas para a Educa&ccedil;&atilde;o, a Ci&ecirc;ncia e a Cultura (Unesco) e ao Intervozes &ndash; Coletivo Brasil de Comunica&ccedil;&atilde;o Social para formular uma pesquisa que resulte na cria&ccedil;&atilde;o de indicadores do direito &agrave; comunica&ccedil;&atilde;o.<\/p>\n<p><\/span>O processo de constru&ccedil;&atilde;o dos indicadores est&aacute; se realizando tendo como base dois documentos. Um feito pela Unesco e outro pelo Intervozes [<a href=\"http:\/\/sites.google.com\/site\/direitoacomunicacaoindicadores\" target=\"_blank\">dispon&iacute;veis aqui<\/a>]. Atualmente os textos est&atilde;o sendo colocados em discuss&atilde;o em eventos pelo pa&iacute;s. J&aacute; foram realizados dois. O primeiro no Rio de Janeiro e o segundo aconteceu na quarta-feira (11), em Bras&iacute;lia. Este ano ainda haver&aacute; outro em S&atilde;o Paulo, no pr&oacute;ximo dia 24. <\/p>\n<p>Al&eacute;m dos dois grupos j&aacute; citados, participam da pesquisa o Laborat&oacute;rio de Pol&iacute;ticas de Comunica&ccedil;&atilde;o da Universidade de Bras&iacute;lia (LaPCom) e o N&uacute;cleo de Estudos Transdisciplinares de Comunica&ccedil;&atilde;o e Consci&ecirc;ncia da Universidade Federal do Rio de Janeiro (Netccon.UFRJ). <\/p>\n<p>O objetivo desses semin&aacute;rios &eacute; recolher contribui&ccedil;&otilde;es dos participantes sobre os documentos. Elas ser&atilde;o compiladas e divulgadas em um &uacute;ltimo evento, de abrang&ecirc;ncia nacional, que vai acontecer no ano que vem. Depois, o conjunto de propostas deve ser aglutinado &agrave; pesquisa para que se tenha indicadores validados pelo m&aacute;ximo de pessoas poss&iacute;vel. Ainda em 2010, pretende-se aplicar o resultado em alguma cidade ou regi&atilde;o do pa&iacute;s. <\/p>\n<p>A jornalista Mariana Hoffmann acompanhou o semin&aacute;rio em Bras&iacute;lia e achou interessante a proposta. Ela avalia que os indicadores facilitar&atilde;o a cria&ccedil;&atilde;o de pol&iacute;ticas p&uacute;blicas mais consistentes. A parceria entre os realizadores tamb&eacute;m agradou Mariana. No entanto, ela ressaltou que seria importante o envolvimento do governo com o projeto.<\/p>\n<p><strong>A&ccedil;&atilde;o pol&iacute;tica<\/strong><\/p>\n<p>O coordenador de Comunica&ccedil;&atilde;o e Informa&ccedil;&atilde;o da Unesco no Brasil, Guilherme Canela, fez uma compara&ccedil;&atilde;o para explicar a import&acirc;ncia dos indicadores para a comunica&ccedil;&atilde;o. &ldquo;Come&ccedil;amos a mudar o quadro da mortalidade infantil quando se come&ccedil;ou a fazer as contas. Al&eacute;m disso, quando a gente come&ccedil;a a matematizar permitimos pontes de di&aacute;logo em campos diferentes&rdquo;, disse ele no semin&aacute;rio.<\/p>\n<p>Al&eacute;m de contribuir para medir e avaliar as v&aacute;rias dimens&otilde;es da m&iacute;dia, os indicadores tamb&eacute;m pretendem munir a sociedade de informa&ccedil;&otilde;es. &ldquo;A id&eacute;ia dos indicadores aparece no momento certo para a discuss&atilde;o acad&ecirc;mica e pol&iacute;tica. Existe um d&eacute;ficit democr&aacute;tico no Brasil e na Am&eacute;rica Latina em rela&ccedil;&atilde;o &agrave; comunica&ccedil;&atilde;o. Os atores hegem&ocirc;nicos s&atilde;o basicamente os mesmos da ditadura, os meios continuam concentrados, entre outras coisas&rdquo;, opinou o professor e presidente da Asociaci&oacute;n Latino-americana de Investigadores de la Comunicaci&oacute;n (Alaic), C&eacute;sar Bola&ntilde;o. <\/p>\n<p>Tamb&eacute;m participaram do semin&aacute;rio os representantes do Intervozes Bia Barbosa e Jo&atilde;o Brant, os professores da UnB e membros do LaPCom Sayonara Leal e Fernando Paulino e o integrante do NETCCON da UFRJ Evandro Ouriques. <\/p>\n<p>A estudante de Audiovisual da UnB Luciana Newton achou interessante a exposi&ccedil;&atilde;o do professor Evandro, que afirmou que a democratiza&ccedil;&atilde;o da comunica&ccedil;&atilde;o &eacute; uma condi&ccedil;&atilde;o para a democracia na sociedade. &ldquo;Nunca tinha analisado dessa forma&rdquo;, percebeu Luciana. Ela avalia que uma quest&atilde;o importante a ser tratada na pesquisa seria a distribui&ccedil;&atilde;o de filmes no pa&iacute;s.<\/p>\n<p><strong>Relat&oacute;rio MacBride<\/strong><\/p>\n<p>A constru&ccedil;&atilde;o dos indicadores remete a um outro processo tamb&eacute;m conduzido pela Unesco, s&oacute; que em outros tempos. Em 1977, uma comiss&atilde;o internacional composta por 16 membros come&ccedil;ou um estudo para avaliar as desigualdades do fluxo de comunica&ccedil;&atilde;o no mundo. Tr&ecirc;s anos depois foi produzido um documento de refer&ecirc;ncia para &aacute;rea conhecido como Relat&oacute;rio MacBride ou &ldquo;Um Mundo e Muitas Vozes&rdquo;. <\/p>\n<p>O coordenador da Unesco acredita que, assim como naquele momento, os indicadores pretendem criar uma discuss&atilde;o s&oacute;lida sobre o assunto. No entanto, as aproxima&ccedil;&otilde;es n&atilde;o v&atilde;o al&eacute;m disso, na sua opini&atilde;o. &ldquo;N&atilde;o h&aacute; paralelo porque o contexto pol&iacute;tico internacional de Guerra Fria era uma situa&ccedil;&atilde;o &uacute;nica. &Eacute; uma compara&ccedil;&atilde;o dif&iacute;cil&rdquo;, avaliou Guilherme Canela.<\/p>\n","protected":false},"excerpt":{"rendered":"<p>Unesco, Intervozes, LapCom\/UnB e Netccon.UFRJ promovem eventos para definir rumos de pesquisa que vai avaliar situa&ccedil;&atilde;o brasileira<\/p>\n","protected":false},"author":1,"featured_media":0,"comment_status":"open","ping_status":"open","sticky":false,"template":"","format":"standard","meta":{"footnotes":""},"categories":[40],"tags":[1153],"_links":{"self":[{"href":"https:\/\/obscom.intervozes.org.br\/index.php?rest_route=\/wp\/v2\/posts\/23570"}],"collection":[{"href":"https:\/\/obscom.intervozes.org.br\/index.php?rest_route=\/wp\/v2\/posts"}],"about":[{"href":"https:\/\/obscom.intervozes.org.br\/index.php?rest_route=\/wp\/v2\/types\/post"}],"author":[{"embeddable":true,"href":"https:\/\/obscom.intervozes.org.br\/index.php?rest_route=\/wp\/v2\/users\/1"}],"replies":[{"embeddable":true,"href":"https:\/\/obscom.intervozes.org.br\/index.php?rest_route=%2Fwp%2Fv2%2Fcomments&post=23570"}],"version-history":[{"count":0,"href":"https:\/\/obscom.intervozes.org.br\/index.php?rest_route=\/wp\/v2\/posts\/23570\/revisions"}],"wp:attachment":[{"href":"https:\/\/obscom.intervozes.org.br\/index.php?rest_route=%2Fwp%2Fv2%2Fmedia&parent=23570"}],"wp:term":[{"taxonomy":"category","embeddable":true,"href":"https:\/\/obscom.intervozes.org.br\/index.php?rest_route=%2Fwp%2Fv2%2Fcategories&post=23570"},{"taxonomy":"post_tag","embeddable":true,"href":"https:\/\/obscom.intervozes.org.br\/index.php?rest_route=%2Fwp%2Fv2%2Ftags&post=23570"}],"curies":[{"name":"wp","href":"https:\/\/api.w.org\/{rel}","templated":true}]}}