{"id":23567,"date":"2009-11-12T12:58:36","date_gmt":"2009-11-12T12:58:36","guid":{"rendered":"https:\/\/obscom.intervozes.org.br\/wordpress\/?p=23567"},"modified":"2009-11-12T12:58:36","modified_gmt":"2009-11-12T12:58:36","slug":"bahia-tera-conferencia-livre-de-comunicacao-da-populacao-negra","status":"publish","type":"post","link":"https:\/\/obscom.intervozes.org.br\/?p=23567","title":{"rendered":"Bahia ter\u00e1 confer\u00eancia livre de comunica\u00e7\u00e3o da popula\u00e7\u00e3o negra"},"content":{"rendered":"<p><strong>Reproduzido do Portal Vermelho<\/strong><\/p>\n<p>A popula&ccedil;&atilde;o de Salvador ter&aacute; mais uma oportunidade de discutir a comunica&ccedil;&atilde;o no pa&iacute;s. A I Confer&ecirc;ncia Livre de Comunica&ccedil;&atilde;o da Popula&ccedil;&atilde;o Negra da Bahia acontece na pr&oacute;xima sexta-feira (13\/11), a partir das 17h, no audit&oacute;rio do Conselho de Desenvolvimento das Comunidades Negras do Estado da Bahia (CDCN), no Pelourinho. O objetivo do evento &eacute; combater a vis&atilde;o racista da m&iacute;dia e consolidar os meios de comunica&ccedil;&atilde;o sob posse da comunidade negra.<\/p>\n<p>A atividade &eacute; preparat&oacute;ria para a etapa baiana da I Confer&ecirc;ncia Nacional de Comunica&ccedil;&atilde;o, marcada para os dias 14 e 15 de novembro na Funda&ccedil;&atilde;o Lu&iacute;s Eduardo Magalh&atilde;es, no Centro Administrativo da Bahia (CAB), em Salvador. A Confecom tem a meta de firmar carta com propostas imediatas para temas como: amplia&ccedil;&atilde;o da distribui&ccedil;&atilde;o das concess&otilde;es de radiodifus&atilde;o, combater a aus&ecirc;ncia de investimentos p&uacute;blicos para produ&ccedil;&atilde;o de m&iacute;dia diversa e plural, exigir a efetiva&ccedil;&atilde;o de mecanismos de controle p&uacute;blico aos abusos cometidos pelos grandes meios e universalizar o acessos as novas tecnologias de comunica&ccedil;&atilde;o.<\/p>\n<p>Na abertura da Confer&ecirc;ncia Livre ser&aacute; exibido o document&aacute;rio A Nega&ccedil;&atilde;o do Brasil: o negro na telenovela, dirigido por Joel Zito Ara&uacute;jo. O longa discorre sobre a representa&ccedil;&atilde;o dos afrodescendentes no produto cultural mais assistido pelos brasileiros na tev&ecirc;.<\/p>\n<p>Logo ap&oacute;s ser&aacute; aberta uma roda de di&aacute;logo com as participa&ccedil;&otilde;es: Paulo Rog&eacute;rio, do Instituto de M&iacute;dia &Eacute;tnica, que far&aacute; um hist&oacute;rico das reivindica&ccedil;&otilde;es pela efetiva&ccedil;&atilde;o do direito &agrave; comunica&ccedil;&atilde;o em n&iacute;vel nacional e estadual e as deforma&ccedil;&otilde;es no cap&iacute;tulo da comunica&ccedil;&atilde;o no Estatuto da Igualdade Racial a ser assinado no dia 20 de novembro em Salvador. DJ Branco, da CMA HipHop, falar&aacute; sobre a import&acirc;ncia do acesso as concess&otilde;es de radiodifus&atilde;o e da aus&ecirc;ncia de investimentos na produ&ccedil;&atilde;o cultural dos negros e negras; enquanto Elenira Onij&aacute;, produtora cultural, defender&aacute; a import&acirc;ncia do controle publico dos meios de comunica&ccedil;&atilde;o e Pedro Carib&eacute;, do Coletivo Intervozes, apresentar&aacute; um panorama da Confecom com os interesses, limites e potencialidades em jogo.<\/p>\n","protected":false},"excerpt":{"rendered":"<p>Reproduzido do Portal Vermelho A popula&ccedil;&atilde;o de Salvador ter&aacute; mais uma oportunidade de discutir a comunica&ccedil;&atilde;o no pa&iacute;s. A I Confer&ecirc;ncia Livre de Comunica&ccedil;&atilde;o da Popula&ccedil;&atilde;o Negra da Bahia acontece na pr&oacute;xima sexta-feira (13\/11), a partir das 17h, no audit&oacute;rio do Conselho de Desenvolvimento das Comunidades Negras do Estado da Bahia (CDCN), no Pelourinho. O &hellip; <a href=\"https:\/\/obscom.intervozes.org.br\/?p=23567\" class=\"more-link\">Continue lendo <span class=\"screen-reader-text\">Bahia ter\u00e1 confer\u00eancia livre de comunica\u00e7\u00e3o da popula\u00e7\u00e3o negra<\/span> <span class=\"meta-nav\">&rarr;<\/span><\/a><\/p>\n","protected":false},"author":1,"featured_media":0,"comment_status":"open","ping_status":"open","sticky":false,"template":"","format":"standard","meta":{"footnotes":""},"categories":[39],"tags":[],"_links":{"self":[{"href":"https:\/\/obscom.intervozes.org.br\/index.php?rest_route=\/wp\/v2\/posts\/23567"}],"collection":[{"href":"https:\/\/obscom.intervozes.org.br\/index.php?rest_route=\/wp\/v2\/posts"}],"about":[{"href":"https:\/\/obscom.intervozes.org.br\/index.php?rest_route=\/wp\/v2\/types\/post"}],"author":[{"embeddable":true,"href":"https:\/\/obscom.intervozes.org.br\/index.php?rest_route=\/wp\/v2\/users\/1"}],"replies":[{"embeddable":true,"href":"https:\/\/obscom.intervozes.org.br\/index.php?rest_route=%2Fwp%2Fv2%2Fcomments&post=23567"}],"version-history":[{"count":0,"href":"https:\/\/obscom.intervozes.org.br\/index.php?rest_route=\/wp\/v2\/posts\/23567\/revisions"}],"wp:attachment":[{"href":"https:\/\/obscom.intervozes.org.br\/index.php?rest_route=%2Fwp%2Fv2%2Fmedia&parent=23567"}],"wp:term":[{"taxonomy":"category","embeddable":true,"href":"https:\/\/obscom.intervozes.org.br\/index.php?rest_route=%2Fwp%2Fv2%2Fcategories&post=23567"},{"taxonomy":"post_tag","embeddable":true,"href":"https:\/\/obscom.intervozes.org.br\/index.php?rest_route=%2Fwp%2Fv2%2Ftags&post=23567"}],"curies":[{"name":"wp","href":"https:\/\/api.w.org\/{rel}","templated":true}]}}