{"id":23564,"date":"2009-11-12T12:51:46","date_gmt":"2009-11-12T12:51:46","guid":{"rendered":"https:\/\/obscom.intervozes.org.br\/wordpress\/?p=23564"},"modified":"2009-11-12T12:51:46","modified_gmt":"2009-11-12T12:51:46","slug":"ministro-assina-convenio-para-tv-camara-ampliar-transmissao-digital","status":"publish","type":"post","link":"https:\/\/obscom.intervozes.org.br\/?p=23564","title":{"rendered":"Ministro assina conv\u00eanio para TV C\u00e2mara ampliar transmiss\u00e3o digital"},"content":{"rendered":"<p><strong>Reproduzido da Ag&ecirc;ncia C&acirc;mara<\/strong> <\/p>\n<p><span class=\"padrao\">O ministro das Comunica&ccedil;&otilde;es, H&eacute;lio Costa, assina nesta manh&atilde; consigna&ccedil;&otilde;es de TV Digital para a C&acirc;mara dos Deputados operar o canal 61 aberto em sete capitais brasileiras: Porto Alegre, Florian&oacute;polis, Belo Horizonte, Rio de Janeiro, Salvador, Fortaleza e Manaus.<\/p>\n<p>Esse &eacute; o primeiro passo para o in&iacute;cio das opera&ccedil;&otilde;es, que deve ocorrer em 2010. A TV C&acirc;mara j&aacute; est&aacute; em sinal aberto digital na capital paulista, em multiprograma&ccedil;&atilde;o experimental, junto com a TV Assembleia do Estado de S&atilde;o Paulo.<\/p>\n<p>Na assinatura da consigna&ccedil;&atilde;o da TV C&acirc;mara para S&atilde;o Paulo, no final de 2007, o ministro declarou a inten&ccedil;&atilde;o de reservar canais para a C&acirc;mara dos Deputados em todos os munic&iacute;pios do Pa&iacute;s. A TV C&acirc;mara pretende operar o canal 61 em todo o territ&oacute;rio nacional.<\/p>\n<p>A cerim&ocirc;nia de assinatura das consigna&ccedil;&otilde;es ser&aacute; &agrave;s 11h30, no audit&oacute;rio da TV C&acirc;mara.<\/span><\/p>\n","protected":false},"excerpt":{"rendered":"<p>Reproduzido da Ag&ecirc;ncia C&acirc;mara O ministro das Comunica&ccedil;&otilde;es, H&eacute;lio Costa, assina nesta manh&atilde; consigna&ccedil;&otilde;es de TV Digital para a C&acirc;mara dos Deputados operar o canal 61 aberto em sete capitais brasileiras: Porto Alegre, Florian&oacute;polis, Belo Horizonte, Rio de Janeiro, Salvador, Fortaleza e Manaus. Esse &eacute; o primeiro passo para o in&iacute;cio das opera&ccedil;&otilde;es, que deve &hellip; <a href=\"https:\/\/obscom.intervozes.org.br\/?p=23564\" class=\"more-link\">Continue lendo <span class=\"screen-reader-text\">Ministro assina conv\u00eanio para TV C\u00e2mara ampliar transmiss\u00e3o digital<\/span> <span class=\"meta-nav\">&rarr;<\/span><\/a><\/p>\n","protected":false},"author":1,"featured_media":0,"comment_status":"open","ping_status":"open","sticky":false,"template":"","format":"standard","meta":{"footnotes":""},"categories":[39],"tags":[],"_links":{"self":[{"href":"https:\/\/obscom.intervozes.org.br\/index.php?rest_route=\/wp\/v2\/posts\/23564"}],"collection":[{"href":"https:\/\/obscom.intervozes.org.br\/index.php?rest_route=\/wp\/v2\/posts"}],"about":[{"href":"https:\/\/obscom.intervozes.org.br\/index.php?rest_route=\/wp\/v2\/types\/post"}],"author":[{"embeddable":true,"href":"https:\/\/obscom.intervozes.org.br\/index.php?rest_route=\/wp\/v2\/users\/1"}],"replies":[{"embeddable":true,"href":"https:\/\/obscom.intervozes.org.br\/index.php?rest_route=%2Fwp%2Fv2%2Fcomments&post=23564"}],"version-history":[{"count":0,"href":"https:\/\/obscom.intervozes.org.br\/index.php?rest_route=\/wp\/v2\/posts\/23564\/revisions"}],"wp:attachment":[{"href":"https:\/\/obscom.intervozes.org.br\/index.php?rest_route=%2Fwp%2Fv2%2Fmedia&parent=23564"}],"wp:term":[{"taxonomy":"category","embeddable":true,"href":"https:\/\/obscom.intervozes.org.br\/index.php?rest_route=%2Fwp%2Fv2%2Fcategories&post=23564"},{"taxonomy":"post_tag","embeddable":true,"href":"https:\/\/obscom.intervozes.org.br\/index.php?rest_route=%2Fwp%2Fv2%2Ftags&post=23564"}],"curies":[{"name":"wp","href":"https:\/\/api.w.org\/{rel}","templated":true}]}}