{"id":23560,"date":"2009-11-12T12:31:05","date_gmt":"2009-11-12T12:31:05","guid":{"rendered":"https:\/\/obscom.intervozes.org.br\/wordpress\/?p=23560"},"modified":"2009-11-12T12:31:05","modified_gmt":"2009-11-12T12:31:05","slug":"empresas-de-comunicacao-querem-limite-acionario-tambem-na-internet","status":"publish","type":"post","link":"https:\/\/obscom.intervozes.org.br\/?p=23560","title":{"rendered":"Empresas de comunica\u00e7\u00e3o querem limite acion\u00e1rio tamb\u00e9m na Internet"},"content":{"rendered":"<p><span class=\"padrao\">O avan&ccedil;o ineg&aacute;vel da Internet como uma plataforma de divulga&ccedil;&atilde;o de conte&uacute;dos audiovisuais e jornal&iacute;sticos continua estimulando debates no Legislativo sobre a necessidade ou n&atilde;o de se fazer um controle da explora&ccedil;&atilde;o desse meio pelas empresas. Al&eacute;m das iniciativas pol&ecirc;micas de regula&ccedil;&atilde;o da Internet e do PL 29\/2007, que prop&otilde;e regras unificadas para a TV por assinatura e chegou a incluir o tema em seu escopo, a C&acirc;mara dos Deputados realizou nesta quarta-feira, 11, um debate sobre a possibilidade de se aplicar as restri&ccedil;&otilde;es constitucionais ao capital estrangeiro tamb&eacute;m a portais de not&iacute;cia na web.<\/p>\n<p>As regras de composi&ccedil;&atilde;o do capital das empresas de comunica&ccedil;&atilde;o est&atilde;o no artigo 222 da Constitui&ccedil;&atilde;o Federal. Neste item, o Estado define que empresas jornal&iacute;sticas e de radiodifus&atilde;o s&oacute; podem ser de propriedade de brasileiros natos ou naturalizados h&aacute; mais de dez anos e 70% do capital votante deve, obrigatoriamente, pertencer a brasileiros direta ou indiretamente. A gest&atilde;o do conte&uacute;do tamb&eacute;m s&oacute; pode ser exercida por brasileiros. Na vis&atilde;o da Associa&ccedil;&atilde;o Brasileira de R&aacute;dio e Televis&atilde;o (Abert), estes princ&iacute;pios garantem a soberania e a preserva&ccedil;&atilde;o da cultura nacional, al&eacute;m de identificar com clareza as responsabilidades de quem presta este servi&ccedil;o p&uacute;blico &agrave; na&ccedil;&atilde;o.<\/p>\n<p>A partir dessa interpreta&ccedil;&atilde;o, o consultor jur&iacute;dico da Abert, Luiz Roberto Barroso, defendeu a validade dessas regras tamb&eacute;m para a divulga&ccedil;&atilde;o de not&iacute;cias e veicula&ccedil;&atilde;o de conte&uacute;dos por empresas privadas em portais na Internet. &quot;O argumento central que se tem aqui &eacute; que, se as empresas jornal&iacute;sticas, se as empresas de radiodifus&atilde;o est&atilde;o sob um regime jur&iacute;dico, porque os portais de Internet est&atilde;o sujeitos a outra regra se o objetivo maior &eacute; a soberania nacional?&quot;, questionou o consultor. &quot;Deveria haver a mesma regra, no m&iacute;nimo, por isonomia.&quot;<\/p>\n<p>A Associa&ccedil;&atilde;o Nacional de Jornais (ANJ) segue o mesmo racioc&iacute;nio e alerta para a possibilidade de se configurar uma &quot;competi&ccedil;&atilde;o desleal&quot; entre os ve&iacute;culos de comunica&ccedil;&atilde;o &quot;do mundo real e do mundo virtual&quot;. &quot;A preocupa&ccedil;&atilde;o maior do constituinte n&atilde;o era com o meio, n&atilde;o era com o ve&iacute;culo, mas sim com o conte&uacute;do e com quem o domina&quot;, afirmou T&eacute;rcio Ferraz, especialista em direito e representante da ANJ no debate. &quot;Me parece claro que a leitura da Constitui&ccedil;&atilde;o deve ser a mesma nesses dois n&iacute;veis.&quot;<\/p>\n<p>A advogada Tha&iacute;s Gasparian, representante da Associa&ccedil;&atilde;o Brasileira dos Provedores de Acesso, Servi&ccedil;os e Informa&ccedil;&otilde;es da Rede Internet (Abranet), concordou com a an&aacute;lise das outras duas entidades. &quot;A Abranet entende que, tamb&eacute;m por meio eletr&ocirc;nico, a distribui&ccedil;&atilde;o de conte&uacute;do deve ser feita por empresas nacionais&quot;, declarou. Mas o pronunciamento consensual das associa&ccedil;&otilde;es retrata apenas um lado da discuss&atilde;o.<\/p>\n<p><strong>Quest&atilde;o complicada<br \/><\/strong><br \/>Para o especialista em Internet e diretor-presidente do N&uacute;cleo de Informa&ccedil;&atilde;o e Coordena&ccedil;&atilde;o do Ponto BR (NIC.br), Demi Getschko, a implementa&ccedil;&atilde;o desses princ&iacute;pios nas empresas que atuam no universo virtual pode n&atilde;o ser t&atilde;o simples. &quot;Acho que n&atilde;o h&aacute; como extrapolar isso para o mundo virtual at&eacute; porque h&aacute; uma dificuldade de classificar as empresas nesse meio.&quot; Getschko acredita que uma discuss&atilde;o sobre como classificar essas companhias pode at&eacute; ser v&aacute;lida, mas &eacute; importante encarar que, muitas vezes, n&atilde;o &eacute; poss&iacute;vel saber sequer quem &eacute; o propagador das informa&ccedil;&otilde;es na Internet.<\/p>\n<p>A an&aacute;lise do consultor jur&iacute;dico do Minist&eacute;rio das Comunica&ccedil;&otilde;es, Marcelo Bechara, considera esses dois lados da quest&atilde;o. Para Bechara, &eacute; importante n&atilde;o encarar a Internet como um meio em si, j&aacute; que ela &eacute; apenas mais uma plataforma para veicula&ccedil;&atilde;o de conte&uacute;dos. Nesse contexto, n&atilde;o seria necess&aacute;rio a an&aacute;lise espec&iacute;fica do ambiente da Internet e as leis valeriam tanto para o ambiente real quanto para o virtual, sem que isso leve a um debate sobre a regula&ccedil;&atilde;o da web. &quot;A aplica&ccedil;&atilde;o das normas &eacute; sobre as empresas e n&atilde;o sobre a Internet&quot;, argumentou.<\/p>\n<p>Nenhum dos deputados presentes no debate prop&ocirc;s uma normatiza&ccedil;&atilde;o espec&iacute;fica da Internet para resolver essa diferen&ccedil;a de tratamento. Ainda assim o autor do requerimento, deputado Eduardo Gomes (PSDB\/TO), que tamb&eacute;m preside a Comiss&atilde;o de Ci&ecirc;ncia e Tecnologia, Comunica&ccedil;&atilde;o e Inform&aacute;tica (CCTCI), onde foi realizada a audi&ecirc;ncia, chamou aten&ccedil;&atilde;o para a import&acirc;ncia do debate e que o tema n&atilde;o ser&aacute; encarado como um &quot;tabu&quot;.<\/p>\n<p>Um dos alvos potenciais de uma eventual aplica&ccedil;&atilde;o do artigo 222 sobre os portais de Internet &eacute; o Terra, empresa do grupo da Telef&ocirc;nica e que tem feito fortes investimentos na produ&ccedil;&atilde;o de conte&uacute;do jornal&iacute;sico e audiovisual. As empresas foram citadas pelo deputado Emanuel Fernandes (PSDB\/SP) em seus coment&aacute;rios na audi&ecirc;ncia e, embora os participantes n&atilde;o tenham comentado nominalmente sobre os efeitos da a&ccedil;&atilde;o sobre as empresas da espanhola Telef&ocirc;nica, o representante da Abert fez uma brincadeira que resumiu a preocupa&ccedil;&atilde;o das radiodifusoras com uma prov&aacute;vel expans&atilde;o do capital estrangeiro na divulga&ccedil;&atilde;o de conte&uacute;dos pela Internet. &quot;Se ao inv&eacute;s de ver jogo de futebol no domingo a gente passar a ver touradas, n&atilde;o vai ser legal&quot;, brincou Barroso. <\/span><\/p>\n","protected":false},"excerpt":{"rendered":"<p>O avan&ccedil;o ineg&aacute;vel da Internet como uma plataforma de divulga&ccedil;&atilde;o de conte&uacute;dos audiovisuais e jornal&iacute;sticos continua estimulando debates no Legislativo sobre a necessidade ou n&atilde;o de se fazer um controle da explora&ccedil;&atilde;o desse meio pelas empresas. Al&eacute;m das iniciativas pol&ecirc;micas de regula&ccedil;&atilde;o da Internet e do PL 29\/2007, que prop&otilde;e regras unificadas para a TV &hellip; <a href=\"https:\/\/obscom.intervozes.org.br\/?p=23560\" class=\"more-link\">Continue lendo <span class=\"screen-reader-text\">Empresas de comunica\u00e7\u00e3o querem limite acion\u00e1rio tamb\u00e9m na Internet<\/span> <span class=\"meta-nav\">&rarr;<\/span><\/a><\/p>\n","protected":false},"author":1,"featured_media":0,"comment_status":"open","ping_status":"open","sticky":false,"template":"","format":"standard","meta":{"footnotes":""},"categories":[40],"tags":[150],"_links":{"self":[{"href":"https:\/\/obscom.intervozes.org.br\/index.php?rest_route=\/wp\/v2\/posts\/23560"}],"collection":[{"href":"https:\/\/obscom.intervozes.org.br\/index.php?rest_route=\/wp\/v2\/posts"}],"about":[{"href":"https:\/\/obscom.intervozes.org.br\/index.php?rest_route=\/wp\/v2\/types\/post"}],"author":[{"embeddable":true,"href":"https:\/\/obscom.intervozes.org.br\/index.php?rest_route=\/wp\/v2\/users\/1"}],"replies":[{"embeddable":true,"href":"https:\/\/obscom.intervozes.org.br\/index.php?rest_route=%2Fwp%2Fv2%2Fcomments&post=23560"}],"version-history":[{"count":0,"href":"https:\/\/obscom.intervozes.org.br\/index.php?rest_route=\/wp\/v2\/posts\/23560\/revisions"}],"wp:attachment":[{"href":"https:\/\/obscom.intervozes.org.br\/index.php?rest_route=%2Fwp%2Fv2%2Fmedia&parent=23560"}],"wp:term":[{"taxonomy":"category","embeddable":true,"href":"https:\/\/obscom.intervozes.org.br\/index.php?rest_route=%2Fwp%2Fv2%2Fcategories&post=23560"},{"taxonomy":"post_tag","embeddable":true,"href":"https:\/\/obscom.intervozes.org.br\/index.php?rest_route=%2Fwp%2Fv2%2Ftags&post=23560"}],"curies":[{"name":"wp","href":"https:\/\/api.w.org\/{rel}","templated":true}]}}