{"id":23558,"date":"2009-11-11T18:31:27","date_gmt":"2009-11-11T18:31:27","guid":{"rendered":"https:\/\/obscom.intervozes.org.br\/wordpress\/?p=23558"},"modified":"2009-11-11T18:31:27","modified_gmt":"2009-11-11T18:31:27","slug":"deputados-ja-pensam-em-mudar-futura-consolidacao-de-comunicacao","status":"publish","type":"post","link":"https:\/\/obscom.intervozes.org.br\/?p=23558","title":{"rendered":"Deputados j\u00e1 pensam em mudar futura consolida\u00e7\u00e3o de comunica\u00e7\u00e3o"},"content":{"rendered":"<p><span class=\"padrao\">Mesmo antes de conclu&iacute;do o trabalho de consolida&ccedil;&atilde;o da legisla&ccedil;&atilde;o de comunica&ccedil;&otilde;es, os parlamentares est&atilde;o de acordo em que as leis do setor no Pa&iacute;s precisam de uma profunda reformula&ccedil;&atilde;o de forma a permitir que o Brasil se modernize e possa tirar proveito dos profundos avan&ccedil;os tecnol&oacute;gicos atuais.<\/p>\n<p>O relator da proposta e coordenador do Grupo de Consolida&ccedil;&atilde;o das Leis, deputado Jos&eacute; Mentor (PT-SP), afirmou que esse era justamente o objetivo da semin&aacute;rio As Leis da Comunica&ccedil;&atilde;o e sua Consolida&ccedil;&atilde;o, promovido pela C&acirc;mara nesta ter&ccedil;a-feira.<\/p>\n<p>&quot;A consolida&ccedil;&atilde;o mostra como estamos hoje, e queremos saber quais os desafios que devemos enfrentar, debate que ser&aacute; enriquecido com a realiza&ccedil;&atilde;o, em dezembro, da 1&ordf; Confer&ecirc;ncia Nacional de Comunica&ccedil;&atilde;o&quot;, disse Mentor, que relata o Projeto de Lei 3516\/08.<\/p>\n<p><strong>Legisla&ccedil;&atilde;o superada<\/strong><\/p>\n<p>Os parlamentares que participaram do debate sobre o papel do Legislativo na moderniza&ccedil;&atilde;o da legisla&ccedil;&atilde;o de telecomunica&ccedil;&otilde;es e radiodifus&atilde;o deixaram claro que consideram a legisla&ccedil;&atilde;o atual do setor bastante superada.<\/p>\n<p>O deputado Paulo Bornhausen (DEM-SC), afirmou que, t&atilde;o logo seja conclu&iacute;da a consolida&ccedil;&atilde;o, ela precisar&aacute; ser atualizada. De acordo com Bornhausen, o Pa&iacute;s precisa construir uma legisla&ccedil;&atilde;o que permita a entrada regulada das novas tecnologias de comunica&ccedil;&atilde;o surgidas e ainda por surgir.<\/p>\n<p>Para o deputado Jo&atilde;o Magalh&atilde;es (DEM-BA), uma das dificuldades para essa atualiza&ccedil;&atilde;o &eacute; porque os parlamentares t&ecirc;m dificuldade em acompanhar as mudan&ccedil;as do tempo. Para o deputado, al&eacute;m do ritmo necessariamente lento do trabalho legislativo, h&aacute; resist&ecirc;ncia por parte do legislador em fazer mudan&ccedil;as que possam modificar sua situa&ccedil;&atilde;o.<\/p>\n<p>Magalh&atilde;es apontou como mudan&ccedil;as que deveriam ocorrer o fim da Voz do Brasil, do hor&aacute;rio eleitoral e tamb&eacute;m uma liberaliza&ccedil;&atilde;o para a concess&atilde;o de r&aacute;dios comunit&aacute;rias.<br \/><strong><br \/>R&aacute;dios comunit&aacute;rias<\/strong><\/p>\n<p>O deputado Gilmar Machado (PT-MG) tamb&eacute;m destacou a regulamenta&ccedil;&atilde;o e liberaliza&ccedil;&atilde;o das r&aacute;dios comunit&aacute;rias como um dos pontos fundamentais a serem enfrentados pelo Poder Legislativo. Tamb&eacute;m deve ser enfrentado, na opini&atilde;o do deputado, o aumento da regionaliza&ccedil;&atilde;o da programa&ccedil;&atilde;o e r&aacute;dio e TV.<\/p>\n<p>Machado apontou ainda a regulamenta&ccedil;&atilde;o da utiliza&ccedil;&atilde;o dos fundos de telecomunica&ccedil;&otilde;es como essencial. Ele explicou que todos os consumidores pagam para a manuten&ccedil;&atilde;o desses fundos e eles n&atilde;o s&atilde;o utilizados exatamente para desenvolvimento e promo&ccedil;&atilde;o do acesso.<br \/><strong><br \/>Processo pol&iacute;tico<\/strong><\/p>\n<p>O deputado Fernando Ferro (PT-PE) considera importante que se discuta a comunica&ccedil;&atilde;o como um processo pol&iacute;tico. Comunica&ccedil;&atilde;o, em sua opini&atilde;o, deve atender &agrave;s necessidades da constru&ccedil;&atilde;o da cidadania.<\/p>\n<p>Nesse sentido, ele defendeu que os meios de comunica&ccedil;&atilde;o devem ser acess&iacute;veis a todos os grupos sociais e n&atilde;o apenas &agrave;s grandes empresas de comunica&ccedil;&atilde;o. Segundo ele, hoje o Brasil vive praticamente um pensamento &uacute;nico, uma situa&ccedil;&atilde;o na qual todos os grandes &oacute;rg&atilde;os de imprensa dizem a mesma coisa, do mesmo ponto de vista.<\/p>\n<p><strong>&Iacute;ntegra da proposta:<\/strong><br \/>&#8211;<a href=\"http:\/\/www2.camara.gov.br\/internet\/proposicoes\/chamadaExterna.html?link=http:\/\/www.camara.gov.br\/internet\/sileg\/Prop_Detalhe.asp?id=398531\"> PL-3516\/2008<\/a> <\/span><\/p>\n","protected":false},"excerpt":{"rendered":"<p>Mesmo antes de conclu&iacute;do o trabalho de consolida&ccedil;&atilde;o da legisla&ccedil;&atilde;o de comunica&ccedil;&otilde;es, os parlamentares est&atilde;o de acordo em que as leis do setor no Pa&iacute;s precisam de uma profunda reformula&ccedil;&atilde;o de forma a permitir que o Brasil se modernize e possa tirar proveito dos profundos avan&ccedil;os tecnol&oacute;gicos atuais. O relator da proposta e coordenador do &hellip; <a href=\"https:\/\/obscom.intervozes.org.br\/?p=23558\" class=\"more-link\">Continue lendo <span class=\"screen-reader-text\">Deputados j\u00e1 pensam em mudar futura consolida\u00e7\u00e3o de comunica\u00e7\u00e3o<\/span> <span class=\"meta-nav\">&rarr;<\/span><\/a><\/p>\n","protected":false},"author":1,"featured_media":0,"comment_status":"open","ping_status":"open","sticky":false,"template":"","format":"standard","meta":{"footnotes":""},"categories":[40],"tags":[1151],"_links":{"self":[{"href":"https:\/\/obscom.intervozes.org.br\/index.php?rest_route=\/wp\/v2\/posts\/23558"}],"collection":[{"href":"https:\/\/obscom.intervozes.org.br\/index.php?rest_route=\/wp\/v2\/posts"}],"about":[{"href":"https:\/\/obscom.intervozes.org.br\/index.php?rest_route=\/wp\/v2\/types\/post"}],"author":[{"embeddable":true,"href":"https:\/\/obscom.intervozes.org.br\/index.php?rest_route=\/wp\/v2\/users\/1"}],"replies":[{"embeddable":true,"href":"https:\/\/obscom.intervozes.org.br\/index.php?rest_route=%2Fwp%2Fv2%2Fcomments&post=23558"}],"version-history":[{"count":0,"href":"https:\/\/obscom.intervozes.org.br\/index.php?rest_route=\/wp\/v2\/posts\/23558\/revisions"}],"wp:attachment":[{"href":"https:\/\/obscom.intervozes.org.br\/index.php?rest_route=%2Fwp%2Fv2%2Fmedia&parent=23558"}],"wp:term":[{"taxonomy":"category","embeddable":true,"href":"https:\/\/obscom.intervozes.org.br\/index.php?rest_route=%2Fwp%2Fv2%2Fcategories&post=23558"},{"taxonomy":"post_tag","embeddable":true,"href":"https:\/\/obscom.intervozes.org.br\/index.php?rest_route=%2Fwp%2Fv2%2Ftags&post=23558"}],"curies":[{"name":"wp","href":"https:\/\/api.w.org\/{rel}","templated":true}]}}