{"id":23556,"date":"2009-11-11T18:21:38","date_gmt":"2009-11-11T18:21:38","guid":{"rendered":"https:\/\/obscom.intervozes.org.br\/wordpress\/?p=23556"},"modified":"2009-11-11T18:21:38","modified_gmt":"2009-11-11T18:21:38","slug":"brasilia-vai-sediar-xi-forum-nacional-de-televisao-universitaria","status":"publish","type":"post","link":"https:\/\/obscom.intervozes.org.br\/?p=23556","title":{"rendered":"Bras\u00edlia vai sediar XI F\u00f3rum Nacional de Televis\u00e3o Universit\u00e1ria"},"content":{"rendered":"<p><span class=\"padrao\"><strong>Reproduzido do Site da Eptic <\/strong><\/p>\n<p>A Associa&ccedil;&atilde;o Brasileira de Televis&atilde;o Universit&aacute;ria (ABTU) promove, de 11 a 13 de novembro deste ano, o XI F&oacute;rum Nacional de Televis&atilde;o Universit&aacute;ria. O evento, que acontecer&aacute; no audit&oacute;rio do Conselho Nacional de Reitores de Universidades Brasileiras (CRUB), ter&aacute; como tema central &ldquo;TV Universit&aacute;ria: Instrumento de Pesquisa e Extens&atilde;o&rdquo;. <\/p>\n<p>A XI edi&ccedil;&atilde;o do F&oacute;rum contar&aacute; com cinco mesas de debates, quatro oficinas tem&aacute;ticas e a presen&ccedil;a de pesquisadores da &aacute;rea da educa&ccedil;&atilde;o e da comunica&ccedil;&atilde;o. <\/p>\n<p>Para mais informa&ccedil;&otilde;es, acesse http:\/\/www.abtu.org.br\/.<\/span><\/p>\n","protected":false},"excerpt":{"rendered":"<p>Reproduzido do Site da Eptic A Associa&ccedil;&atilde;o Brasileira de Televis&atilde;o Universit&aacute;ria (ABTU) promove, de 11 a 13 de novembro deste ano, o XI F&oacute;rum Nacional de Televis&atilde;o Universit&aacute;ria. O evento, que acontecer&aacute; no audit&oacute;rio do Conselho Nacional de Reitores de Universidades Brasileiras (CRUB), ter&aacute; como tema central &ldquo;TV Universit&aacute;ria: Instrumento de Pesquisa e Extens&atilde;o&rdquo;. A &hellip; <a href=\"https:\/\/obscom.intervozes.org.br\/?p=23556\" class=\"more-link\">Continue lendo <span class=\"screen-reader-text\">Bras\u00edlia vai sediar XI F\u00f3rum Nacional de Televis\u00e3o Universit\u00e1ria<\/span> <span class=\"meta-nav\">&rarr;<\/span><\/a><\/p>\n","protected":false},"author":1,"featured_media":0,"comment_status":"open","ping_status":"open","sticky":false,"template":"","format":"standard","meta":{"footnotes":""},"categories":[39],"tags":[],"_links":{"self":[{"href":"https:\/\/obscom.intervozes.org.br\/index.php?rest_route=\/wp\/v2\/posts\/23556"}],"collection":[{"href":"https:\/\/obscom.intervozes.org.br\/index.php?rest_route=\/wp\/v2\/posts"}],"about":[{"href":"https:\/\/obscom.intervozes.org.br\/index.php?rest_route=\/wp\/v2\/types\/post"}],"author":[{"embeddable":true,"href":"https:\/\/obscom.intervozes.org.br\/index.php?rest_route=\/wp\/v2\/users\/1"}],"replies":[{"embeddable":true,"href":"https:\/\/obscom.intervozes.org.br\/index.php?rest_route=%2Fwp%2Fv2%2Fcomments&post=23556"}],"version-history":[{"count":0,"href":"https:\/\/obscom.intervozes.org.br\/index.php?rest_route=\/wp\/v2\/posts\/23556\/revisions"}],"wp:attachment":[{"href":"https:\/\/obscom.intervozes.org.br\/index.php?rest_route=%2Fwp%2Fv2%2Fmedia&parent=23556"}],"wp:term":[{"taxonomy":"category","embeddable":true,"href":"https:\/\/obscom.intervozes.org.br\/index.php?rest_route=%2Fwp%2Fv2%2Fcategories&post=23556"},{"taxonomy":"post_tag","embeddable":true,"href":"https:\/\/obscom.intervozes.org.br\/index.php?rest_route=%2Fwp%2Fv2%2Ftags&post=23556"}],"curies":[{"name":"wp","href":"https:\/\/api.w.org\/{rel}","templated":true}]}}