{"id":23551,"date":"2009-11-11T17:42:29","date_gmt":"2009-11-11T17:42:29","guid":{"rendered":"https:\/\/obscom.intervozes.org.br\/wordpress\/?p=23551"},"modified":"2009-11-11T17:42:29","modified_gmt":"2009-11-11T17:42:29","slug":"confecom-e-destaque-em-seminario-na-camara","status":"publish","type":"post","link":"https:\/\/obscom.intervozes.org.br\/?p=23551","title":{"rendered":"Confecom \u00e9 destaque em semin\u00e1rio na C\u00e2mara"},"content":{"rendered":"<p><span class=\"padrao\">Bras&iacute;lia &ndash; A moderniza&ccedil;&atilde;o da legisla&ccedil;&atilde;o que trata do setor de telecomunica&ccedil;&otilde;es &eacute; fundamental para acompanhar o processo de converg&ecirc;ncia tecnol&oacute;gica. A afirma&ccedil;&atilde;o &eacute; do consultor jur&iacute;dico do Minist&eacute;rio das Comunica&ccedil;&otilde;es, Marcelo Bechara. Durante semin&aacute;rio realizado na C&acirc;mara dos Deputados sobre &ldquo;As Leis da Comunica&ccedil;&atilde;o e sua Consolida&ccedil;&atilde;o&rdquo;, o presidente da Confer&ecirc;ncia Nacional de Comunica&ccedil;&atilde;o disse que a Confecom ser&aacute; um espa&ccedil;o f&eacute;rtil para aprofundar esse debate.<\/p>\n<p>&ldquo;O marco legal vigente para o setor &eacute; ainda o mesmo de 1962, com o C&oacute;digo Brasileiro de Telecomunica&ccedil;&otilde;es. N&atilde;o &eacute; uma lei ruim, mas merece reparos. A ordem legal vigente n&atilde;o d&aacute; conta plenamente das novas realidades, em que est&aacute; cada vez mais dif&iacute;cil delimitar as fronteiras entre servi&ccedil;os de transmiss&atilde;o de dados, sons e imagens. A converg&ecirc;ncia atinge toda a comunica&ccedil;&atilde;o&rdquo;, destacou Marcelo Bechara.<\/p>\n<p>Para ilustrar como a legisla&ccedil;&atilde;o n&atilde;o acompanhou os avan&ccedil;os tecnol&oacute;gicos, Bechara apresentou um panorama das principais estatutos que regem o setor, como o C&oacute;digo Brasileiro de Telecomunica&ccedil;&otilde;es, de 1962, e a Lei Geral de Telecomunica&ccedil;&otilde;es, de 1997. Ele tamb&eacute;m citou iniciativas do Minist&eacute;rio das Comunica&ccedil;&otilde;es que se ap&oacute;iam no processo de converg&ecirc;ncia tecnol&oacute;gica, como a TV Digital e o programa de Inclus&atilde;o Digital. Essa &uacute;ltima iniciativa do governo inclui, entre outras a&ccedil;&otilde;es, a instala&ccedil;&atilde;o de telecentros comunit&aacute;rios em todos os munic&iacute;pios brasileiros e a conex&atilde;o gratuita &agrave; internet em banda larga de todas as escolas p&uacute;blicas urbanas at&eacute; o fim de 2010.<\/p>\n<p>Al&eacute;m do tema da moderniza&ccedil;&atilde;o, tamb&eacute;m esteve na pauta do semin&aacute;rio realizado pela C&acirc;mara dos Deputados a possibilidade de se consolidar em um s&oacute; documento a legisla&ccedil;&atilde;o do setor, hoje considerada esparsa. Esse &eacute; o objetivo do Projeto de Lei n&ordm; 3.516\/2008, que tramita na C&acirc;mara dos Deputados, de autoria do deputado Bruno Rodrigues (PSDB-PE). Para Bechara, essa consolida&ccedil;&atilde;o seria importante por organizar de forma mais objetiva a legisla&ccedil;&atilde;o.<\/p>\n<p>O consultor jur&iacute;dico do Minist&eacute;rio das Comunica&ccedil;&otilde;es ressaltou o papel da Confer&ecirc;ncia Nacional de Comunica&ccedil;&atilde;o (Confecom) para colocar em pauta todas essas quest&otilde;es. A etapa nacional da confer&ecirc;ncia ser&aacute; realizada entre 14 e 17 de dezembro, em Bras&iacute;lia, e contar&aacute; com a participa&ccedil;&atilde;o do governo, sociedade e empres&aacute;rios. &ldquo;Espero que a confer&ecirc;ncia possa dar contribui&ccedil;&otilde;es importantes. L&aacute;, ser&atilde;o discutidas todas as possibilidades de servi&ccedil;os que efetivamente atendam os anseios desse novo usu&aacute;rio, que tem sede de informa&ccedil;&atilde;o e quer ser protagonista do processo de produ&ccedil;&atilde;o de conte&uacute;dos&rdquo;, disse.<\/p>\n<p>O semin&aacute;rio &ldquo;As Leis da Comunica&ccedil;&atilde;o e sua Consolida&ccedil;&atilde;o&rdquo; &eacute; uma iniciativa do Grupo de Trabalho de Consolida&ccedil;&atilde;o das Leis, coordenado pelo deputado Jos&eacute; Mentor (PT-SP). Segundo o parlamentar, que abriu as discuss&otilde;es da manh&atilde;, o objetivo &eacute; dar espa&ccedil;o para que a sociedade, empresas e &oacute;rg&atilde;os do setor possam analisar em conjunto as oportunidades de atualizar a legisla&ccedil;&atilde;o.<\/p>\n<p>O painel realizado na manh&atilde; desta ter&ccedil;a-feira tamb&eacute;m contou com a participa&ccedil;&atilde;o da advogada especialista em radiodifus&atilde;o, Vanda Jugurtha Bonna Nogueira. O semin&aacute;rio vai at&eacute; o fim do dia e inclui debates sobre o papel do Legislativo no processo de moderniza&ccedil;&atilde;o da legisla&ccedil;&atilde;o e tamb&eacute;m sobre a vis&atilde;o empresarial diante do tema.<\/span><\/p>\n","protected":false},"excerpt":{"rendered":"<p>Bras&iacute;lia &ndash; A moderniza&ccedil;&atilde;o da legisla&ccedil;&atilde;o que trata do setor de telecomunica&ccedil;&otilde;es &eacute; fundamental para acompanhar o processo de converg&ecirc;ncia tecnol&oacute;gica. A afirma&ccedil;&atilde;o &eacute; do consultor jur&iacute;dico do Minist&eacute;rio das Comunica&ccedil;&otilde;es, Marcelo Bechara. Durante semin&aacute;rio realizado na C&acirc;mara dos Deputados sobre &ldquo;As Leis da Comunica&ccedil;&atilde;o e sua Consolida&ccedil;&atilde;o&rdquo;, o presidente da Confer&ecirc;ncia Nacional de Comunica&ccedil;&atilde;o &hellip; <a href=\"https:\/\/obscom.intervozes.org.br\/?p=23551\" class=\"more-link\">Continue lendo <span class=\"screen-reader-text\">Confecom \u00e9 destaque em semin\u00e1rio na C\u00e2mara<\/span> <span class=\"meta-nav\">&rarr;<\/span><\/a><\/p>\n","protected":false},"author":1,"featured_media":0,"comment_status":"open","ping_status":"open","sticky":false,"template":"","format":"standard","meta":{"footnotes":""},"categories":[40],"tags":[1012],"_links":{"self":[{"href":"https:\/\/obscom.intervozes.org.br\/index.php?rest_route=\/wp\/v2\/posts\/23551"}],"collection":[{"href":"https:\/\/obscom.intervozes.org.br\/index.php?rest_route=\/wp\/v2\/posts"}],"about":[{"href":"https:\/\/obscom.intervozes.org.br\/index.php?rest_route=\/wp\/v2\/types\/post"}],"author":[{"embeddable":true,"href":"https:\/\/obscom.intervozes.org.br\/index.php?rest_route=\/wp\/v2\/users\/1"}],"replies":[{"embeddable":true,"href":"https:\/\/obscom.intervozes.org.br\/index.php?rest_route=%2Fwp%2Fv2%2Fcomments&post=23551"}],"version-history":[{"count":0,"href":"https:\/\/obscom.intervozes.org.br\/index.php?rest_route=\/wp\/v2\/posts\/23551\/revisions"}],"wp:attachment":[{"href":"https:\/\/obscom.intervozes.org.br\/index.php?rest_route=%2Fwp%2Fv2%2Fmedia&parent=23551"}],"wp:term":[{"taxonomy":"category","embeddable":true,"href":"https:\/\/obscom.intervozes.org.br\/index.php?rest_route=%2Fwp%2Fv2%2Fcategories&post=23551"},{"taxonomy":"post_tag","embeddable":true,"href":"https:\/\/obscom.intervozes.org.br\/index.php?rest_route=%2Fwp%2Fv2%2Ftags&post=23551"}],"curies":[{"name":"wp","href":"https:\/\/api.w.org\/{rel}","templated":true}]}}