{"id":23547,"date":"2009-11-10T15:38:25","date_gmt":"2009-11-10T15:38:25","guid":{"rendered":"https:\/\/obscom.intervozes.org.br\/wordpress\/?p=23547"},"modified":"2009-11-10T15:38:25","modified_gmt":"2009-11-10T15:38:25","slug":"governo-do-amazonas-realiza-conferencia-estadual-de-comunicacao","status":"publish","type":"post","link":"https:\/\/obscom.intervozes.org.br\/?p=23547","title":{"rendered":"Governo do Amazonas realiza Confer\u00eancia Estadual de Comunica\u00e7\u00e3o"},"content":{"rendered":"<p>A Confer&ecirc;ncia Estadual de Comunica&ccedil;&atilde;o do Amazonas ser&aacute; realizado nos dias 17 e 18 de novembro, em Manaus. Reunir&atilde;o-se no audit&oacute;rio da Secretaria Municipal de Educa&ccedil;&atilde;o jornalistas, comunidade acad&ecirc;mica, empres&aacute;rios e comunidade em geral, com o objetivo de ampliar o debate sobre os direitos do cidad&atilde;o &agrave; comunica&ccedil;&atilde;o.<\/p>\n<p>O evento &eacute; realizado pelo Governo do Amazonas, Assembl&eacute;ia Legislativa, Prefeitura de Manaus, Sindicato dos Jornalistas, entre outros. Segundo o Sindicato dos Jornalistas dos Jornalistas Profissionais no Estado do Amazonas, a confer&ecirc;ncia estadual &eacute; importante para abrir possibilidade concreta para a sociedade civil apresentar e votar em propostas que possam se transformar em pol&iacute;ticas p&uacute;blicas.<\/p>\n<p>Os munic&iacute;pios que realizaram as Confer&ecirc;ncias Municipais t&ecirc;m at&eacute; a pr&oacute;xima quarta-feira (11) para enviar os relat&oacute;rio e propostas para a Comiss&atilde;o Organizadora da Confer&ecirc;ncia Estadual de Comunica&ccedil;&atilde;o. A 1&ordf; Confer&ecirc;ncia Nacional de Comunica&ccedil;&atilde;o ser&aacute; realizada de 14 a 17 de dezembro, em Bras&iacute;lia.<\/p>\n","protected":false},"excerpt":{"rendered":"<p>A Confer&ecirc;ncia Estadual de Comunica&ccedil;&atilde;o do Amazonas ser&aacute; realizado nos dias 17 e 18 de novembro, em Manaus. Reunir&atilde;o-se no audit&oacute;rio da Secretaria Municipal de Educa&ccedil;&atilde;o jornalistas, comunidade acad&ecirc;mica, empres&aacute;rios e comunidade em geral, com o objetivo de ampliar o debate sobre os direitos do cidad&atilde;o &agrave; comunica&ccedil;&atilde;o. O evento &eacute; realizado pelo Governo do &hellip; <a href=\"https:\/\/obscom.intervozes.org.br\/?p=23547\" class=\"more-link\">Continue lendo <span class=\"screen-reader-text\">Governo do Amazonas realiza Confer\u00eancia Estadual de Comunica\u00e7\u00e3o<\/span> <span class=\"meta-nav\">&rarr;<\/span><\/a><\/p>\n","protected":false},"author":1,"featured_media":0,"comment_status":"open","ping_status":"open","sticky":false,"template":"","format":"standard","meta":{"footnotes":""},"categories":[40],"tags":[1012],"_links":{"self":[{"href":"https:\/\/obscom.intervozes.org.br\/index.php?rest_route=\/wp\/v2\/posts\/23547"}],"collection":[{"href":"https:\/\/obscom.intervozes.org.br\/index.php?rest_route=\/wp\/v2\/posts"}],"about":[{"href":"https:\/\/obscom.intervozes.org.br\/index.php?rest_route=\/wp\/v2\/types\/post"}],"author":[{"embeddable":true,"href":"https:\/\/obscom.intervozes.org.br\/index.php?rest_route=\/wp\/v2\/users\/1"}],"replies":[{"embeddable":true,"href":"https:\/\/obscom.intervozes.org.br\/index.php?rest_route=%2Fwp%2Fv2%2Fcomments&post=23547"}],"version-history":[{"count":0,"href":"https:\/\/obscom.intervozes.org.br\/index.php?rest_route=\/wp\/v2\/posts\/23547\/revisions"}],"wp:attachment":[{"href":"https:\/\/obscom.intervozes.org.br\/index.php?rest_route=%2Fwp%2Fv2%2Fmedia&parent=23547"}],"wp:term":[{"taxonomy":"category","embeddable":true,"href":"https:\/\/obscom.intervozes.org.br\/index.php?rest_route=%2Fwp%2Fv2%2Fcategories&post=23547"},{"taxonomy":"post_tag","embeddable":true,"href":"https:\/\/obscom.intervozes.org.br\/index.php?rest_route=%2Fwp%2Fv2%2Ftags&post=23547"}],"curies":[{"name":"wp","href":"https:\/\/api.w.org\/{rel}","templated":true}]}}