{"id":23544,"date":"2009-11-10T12:29:57","date_gmt":"2009-11-10T12:29:57","guid":{"rendered":"https:\/\/obscom.intervozes.org.br\/wordpress\/?p=23544"},"modified":"2009-11-10T12:29:57","modified_gmt":"2009-11-10T12:29:57","slug":"estados-realizam-conferencias-sobre-meios-de-comunicacao-e-cidadania","status":"publish","type":"post","link":"https:\/\/obscom.intervozes.org.br\/?p=23544","title":{"rendered":"Estados realizam confer\u00eancias sobre meios de comunica\u00e7\u00e3o e cidadania"},"content":{"rendered":"<p><span class=\"padrao\">Organiza&ccedil;&otilde;es da sociedade civil, representantes da administra&ccedil;&atilde;o p&uacute;blica e de setores empresariais ter&atilde;o uma semana intensa de mobiliza&ccedil;&atilde;o para cumprir as etapas estaduais da 1&ordf; Confer&ecirc;ncia Nacional de Comunica&ccedil;&atilde;o, que tem como tema &ldquo;Comunica&ccedil;&atilde;o: meios para a constru&ccedil;&atilde;o de direitos e de cidadania na era digital&rdquo;.<\/p>\n<p>&Eacute; que em novembro, plen&aacute;rias estaduais (conforme quadro) ser&atilde;o realizadas para definir propostas e escolher os delegados que participar&atilde;o da reuni&atilde;o nacional, que ocorre em Bras&iacute;lia, entre 14 e 17 de dezembro.<\/p>\n<p>Paran&aacute;, Rio de Janeiro, Acre e Piau&iacute; promoveram as etapas de confer&ecirc;ncias estaduais na &uacute;ltima semana e definiram os nomes dos 257 delegados e pelo menos 377 propostas.<\/p>\n<p>As propostas est&atilde;o contempladas nos tr&ecirc;s eixos tem&aacute;ticos definidos pela comiss&atilde;o organizadora nacional da Confecom: produ&ccedil;&atilde;o de conte&uacute;do, meios de distribui&ccedil;&atilde;o e cidadania: direitos e deveres. Entre as propostas definidas at&eacute; agora est&atilde;o a que cria um conselho federal de jornalistas como instrumento de aplica&ccedil;&atilde;o do c&oacute;digo de &eacute;tica da proibi&ccedil;&atilde;o, a destina&ccedil;&atilde;o de publicidade p&uacute;blica para r&aacute;dios comunit&aacute;rias e a proibi&ccedil;&atilde;o de veicula&ccedil;&atilde;o de conte&uacute;do homof&oacute;bico ou degradante &agrave; cultura GLBT nos meios de comunica&ccedil;&atilde;o.<\/p>\n<p>O presidente da comiss&atilde;o organizadora da Confecom, Marcelo Bechara, considera que as etapas estaduais promovidas at&eacute; agora refletiram o esfor&ccedil;o pela defini&ccedil;&atilde;o de uma pauta consistente. &ldquo;O Paran&aacute;, por exemplo, mostrou que se preparou para a confer&ecirc;ncia estadual de forma bem estruturada. Isso se refletiu desde o n&uacute;mero de inscri&ccedil;&otilde;es at&eacute; a programa&ccedil;&atilde;o de paineis&rdquo;, disse.<\/p>\n<p>Um dos temas que despertou muito interesse nas plen&aacute;rias estaduais &eacute; o que trata dos meios para amplia&ccedil;&atilde;o da democratiza&ccedil;&atilde;o da informa&ccedil;&atilde;o em comunidades carentes. No Acre, por exemplo, houve relatos abordando a dificuldade de acesso &agrave; informa&ccedil;&atilde;o em locais ermos, como os seringais. Na confer&ecirc;ncia estadual do Piau&iacute;, tamb&eacute;m foram citados os mesmos problemas para acesso &agrave; informa&ccedil;&atilde;o em cidades do interior. O mesmo ocorreu nas comunidades populares do Rio de Janeiro. Nesses tr&ecirc;s casos, ressaltou-se o papel social das r&aacute;dios comunit&aacute;rias para minimizar a defasagem da informa&ccedil;&atilde;o.<\/p>\n<p>No Acre, onde h&aacute; o isolamento de comunidades rurais, surgiram propostas para minimizar o problema com a instala&ccedil;&atilde;o de telefones p&uacute;blicos. No Piau&iacute;, a flexibiliza&ccedil;&atilde;o das regras para constitui&ccedil;&atilde;o das r&aacute;dios comunit&aacute;rias foi o tema de maior destaque.<\/p>\n<p>No Rio de Janeiro, cujas plen&aacute;rias contaram com a participa&ccedil;&atilde;o de 500 representantes da sociedade civil, poder p&uacute;blico e sociedade civil empresarial, tratou-se de definir o fim da cobran&ccedil;a de direitos autorais feita pelo Escrit&oacute;rio Central de Arrecada&ccedil;&atilde;o e Distribui&ccedil;&atilde;o (Ecad) a r&aacute;dios comunit&aacute;rias. Os participantes tamb&eacute;m levantaram a necessidade de universalizar a banda larga.<\/p>\n<p>As etapas estaduais da confer&ecirc;ncia nacional s&atilde;o consideradas decisivas porque &eacute; onde surgem propostas para atender aos problemas mais latentes da sociedade. Al&eacute;m disso, em cada uma das 28 plen&aacute;rias nos estados e no Distrito Federal ser&atilde;o escolhidos os delegados que representar&atilde;o a sociedade civil &ndash; representantes dos movimentos sociais e de empres&aacute;rios. Mais informa&ccedil;&otilde;es em: www.confecom.gov.br<br \/><strong><br \/>Programa&ccedil;&atilde;o das Confer&ecirc;ncias estaduais<\/strong><\/p>\n<p>12 a 13\/11 &#8211; Rond&ocirc;nia<br \/>13 a 14\/11 &ndash; Mato Grosso do Sul<br \/>13 a 15\/11 &ndash; Minas Gerais, Pernambuco<br \/>14\/11 &#8211; Tocantins<br \/>14 a 15\/11 &ndash; Bahia, Santa Catarina<br \/>16 a 18\/11 &ndash; Maranh&atilde;o<br \/>17 a 19\/11 &ndash; Amap&aacute;<br \/>17 a 18\/11 &ndash; Amazonas, Rio Grande do Norte, Rio Grande do Sul<br \/>19 a 20\/11 &ndash; Mato Grosso, Sergipe<br \/>19 a 21\/11 &ndash; Alagoas<br \/>20 a 21\/11 &ndash; Par&aacute;, Para&iacute;ba, Roraima, S&atilde;o Paulo<br \/>20 a 22\/11 &ndash; Cear&aacute;, Esp&iacute;rito Santo e Goi&aacute;s<\/span><\/p>\n","protected":false},"excerpt":{"rendered":"<p>Organiza&ccedil;&otilde;es da sociedade civil, representantes da administra&ccedil;&atilde;o p&uacute;blica e de setores empresariais ter&atilde;o uma semana intensa de mobiliza&ccedil;&atilde;o para cumprir as etapas estaduais da 1&ordf; Confer&ecirc;ncia Nacional de Comunica&ccedil;&atilde;o, que tem como tema &ldquo;Comunica&ccedil;&atilde;o: meios para a constru&ccedil;&atilde;o de direitos e de cidadania na era digital&rdquo;. &Eacute; que em novembro, plen&aacute;rias estaduais (conforme quadro) ser&atilde;o &hellip; <a href=\"https:\/\/obscom.intervozes.org.br\/?p=23544\" class=\"more-link\">Continue lendo <span class=\"screen-reader-text\">Estados realizam confer\u00eancias sobre meios de comunica\u00e7\u00e3o e cidadania<\/span> <span class=\"meta-nav\">&rarr;<\/span><\/a><\/p>\n","protected":false},"author":1,"featured_media":0,"comment_status":"open","ping_status":"open","sticky":false,"template":"","format":"standard","meta":{"footnotes":""},"categories":[40],"tags":[1012],"_links":{"self":[{"href":"https:\/\/obscom.intervozes.org.br\/index.php?rest_route=\/wp\/v2\/posts\/23544"}],"collection":[{"href":"https:\/\/obscom.intervozes.org.br\/index.php?rest_route=\/wp\/v2\/posts"}],"about":[{"href":"https:\/\/obscom.intervozes.org.br\/index.php?rest_route=\/wp\/v2\/types\/post"}],"author":[{"embeddable":true,"href":"https:\/\/obscom.intervozes.org.br\/index.php?rest_route=\/wp\/v2\/users\/1"}],"replies":[{"embeddable":true,"href":"https:\/\/obscom.intervozes.org.br\/index.php?rest_route=%2Fwp%2Fv2%2Fcomments&post=23544"}],"version-history":[{"count":0,"href":"https:\/\/obscom.intervozes.org.br\/index.php?rest_route=\/wp\/v2\/posts\/23544\/revisions"}],"wp:attachment":[{"href":"https:\/\/obscom.intervozes.org.br\/index.php?rest_route=%2Fwp%2Fv2%2Fmedia&parent=23544"}],"wp:term":[{"taxonomy":"category","embeddable":true,"href":"https:\/\/obscom.intervozes.org.br\/index.php?rest_route=%2Fwp%2Fv2%2Fcategories&post=23544"},{"taxonomy":"post_tag","embeddable":true,"href":"https:\/\/obscom.intervozes.org.br\/index.php?rest_route=%2Fwp%2Fv2%2Ftags&post=23544"}],"curies":[{"name":"wp","href":"https:\/\/api.w.org\/{rel}","templated":true}]}}