{"id":23539,"date":"2009-11-10T11:55:38","date_gmt":"2009-11-10T11:55:38","guid":{"rendered":"https:\/\/obscom.intervozes.org.br\/wordpress\/?p=23539"},"modified":"2009-11-10T11:55:38","modified_gmt":"2009-11-10T11:55:38","slug":"indicadores-do-direito-a-comunicacao-e-tema-de-discussao-na-unb","status":"publish","type":"post","link":"https:\/\/obscom.intervozes.org.br\/?p=23539","title":{"rendered":"Indicadores do direito \u00e0 comunica\u00e7\u00e3o \u00e9 tema de discuss\u00e3o na UNB"},"content":{"rendered":"<p>O Semin&aacute;rio A Constru&ccedil;&atilde;o de Indicadores do Direito &agrave; Comunica&ccedil;&atilde;o no Brasil ser&aacute; realizado amanh&atilde; (11), na UNB. O evento &eacute; uma parceria entre o Laborat&oacute;rio de Pol&iacute;ticas de Comunica&ccedil;&atilde;o (LaPCom) da UnB, a UNESCO, o Coletivo Intervozes e o N&uacute;cleo de Estudos Transdisciplinares de Comunica&ccedil;&atilde;o e Consci&ecirc;ncia da Universidade Federal do Rio de Janeiro (NETCCON.UFRJ). O debate d&aacute; continuidade ao trabalho iniciado em setembro, buscando socializar propostas para a cria&ccedil;&atilde;o de instrumentos que avaliem a efetiva&ccedil;&atilde;o do direito &agrave; comunica&ccedil;&atilde;o.<\/p>\n<p>Os organizadores do evento criaram um site com as propostas existentes (http:\/\/sites.google.com\/site\/direitoacomunicacaoindicadores). &ldquo;A id&eacute;ia &eacute; que as pessoas tomem ci&ecirc;ncia do conte&uacute;do desses documentos antes do semin&aacute;rio e possam ter melhores condi&ccedil;&otilde;es de apresentar contribui&ccedil;&otilde;es durante o evento&rdquo;, acredita Bia Barbosa, integrante do Coletivo Intervozes. <\/p>\n<p>CONFECOM e o Direito &agrave; Comunica&ccedil;&atilde;o. Os semin&aacute;rios acontecem em per&iacute;odo pr&oacute;ximo &agrave;s etapas preparat&oacute;rias para a 1&ordf; Confer&ecirc;ncia Nacional de Comunica&ccedil;&atilde;o (Confecom). Na opini&atilde;o dos organizadores um assunto se beneficia com o outro. &ldquo;&Eacute; interessante estas discuss&otilde;es em paralelo porque se prestarmos aten&ccedil;&atilde;o estamos falando sobre o que importa para construir a democracia&rdquo;, entende Evandro Ouriques, coordenador do NETCCON.UFRJ. <\/p>\n<p>&ldquo;Na discuss&atilde;o dos Indicadores, podemos identificar problemas na m&iacute;dia brasileira cujas solu&ccedil;&otilde;es podem ser apresentadas como propostas de pol&iacute;ticas p&uacute;blicas na Confecom&rdquo;, argumenta Bia. <\/p>\n<p><strong>Mais informa&ccedil;&otilde;es sobre o tema<\/strong>: <br \/>http:\/\/sites.google.com\/site\/direitoacomunicacaoindicadores &nbsp;<br \/>ou pelo e-mail: indicadorescomunicacao@gmail.com&nbsp;&nbsp; <br \/>e tel: (61) 9999-3534<\/p>\n<p>(<em>Com informa&ccedil;&otilde;es da Assessoria de Comunica&ccedil;&atilde;o<\/em>)<\/p>\n","protected":false},"excerpt":{"rendered":"<p>O Semin&aacute;rio A Constru&ccedil;&atilde;o de Indicadores do Direito &agrave; Comunica&ccedil;&atilde;o no Brasil ser&aacute; realizado amanh&atilde; (11), na UNB. O evento &eacute; uma parceria entre o Laborat&oacute;rio de Pol&iacute;ticas de Comunica&ccedil;&atilde;o (LaPCom) da UnB, a UNESCO, o Coletivo Intervozes e o N&uacute;cleo de Estudos Transdisciplinares de Comunica&ccedil;&atilde;o e Consci&ecirc;ncia da Universidade Federal do Rio de Janeiro &hellip; <a href=\"https:\/\/obscom.intervozes.org.br\/?p=23539\" class=\"more-link\">Continue lendo <span class=\"screen-reader-text\">Indicadores do direito \u00e0 comunica\u00e7\u00e3o \u00e9 tema de discuss\u00e3o na UNB<\/span> <span class=\"meta-nav\">&rarr;<\/span><\/a><\/p>\n","protected":false},"author":1,"featured_media":0,"comment_status":"open","ping_status":"open","sticky":false,"template":"","format":"standard","meta":{"footnotes":""},"categories":[39],"tags":[],"_links":{"self":[{"href":"https:\/\/obscom.intervozes.org.br\/index.php?rest_route=\/wp\/v2\/posts\/23539"}],"collection":[{"href":"https:\/\/obscom.intervozes.org.br\/index.php?rest_route=\/wp\/v2\/posts"}],"about":[{"href":"https:\/\/obscom.intervozes.org.br\/index.php?rest_route=\/wp\/v2\/types\/post"}],"author":[{"embeddable":true,"href":"https:\/\/obscom.intervozes.org.br\/index.php?rest_route=\/wp\/v2\/users\/1"}],"replies":[{"embeddable":true,"href":"https:\/\/obscom.intervozes.org.br\/index.php?rest_route=%2Fwp%2Fv2%2Fcomments&post=23539"}],"version-history":[{"count":0,"href":"https:\/\/obscom.intervozes.org.br\/index.php?rest_route=\/wp\/v2\/posts\/23539\/revisions"}],"wp:attachment":[{"href":"https:\/\/obscom.intervozes.org.br\/index.php?rest_route=%2Fwp%2Fv2%2Fmedia&parent=23539"}],"wp:term":[{"taxonomy":"category","embeddable":true,"href":"https:\/\/obscom.intervozes.org.br\/index.php?rest_route=%2Fwp%2Fv2%2Fcategories&post=23539"},{"taxonomy":"post_tag","embeddable":true,"href":"https:\/\/obscom.intervozes.org.br\/index.php?rest_route=%2Fwp%2Fv2%2Ftags&post=23539"}],"curies":[{"name":"wp","href":"https:\/\/api.w.org\/{rel}","templated":true}]}}