{"id":23534,"date":"2009-11-09T13:43:11","date_gmt":"2009-11-09T13:43:11","guid":{"rendered":"https:\/\/obscom.intervozes.org.br\/wordpress\/?p=23534"},"modified":"2009-11-09T13:43:11","modified_gmt":"2009-11-09T13:43:11","slug":"audiencia-debatera-regras-de-propriedade-dos-portais-de-noticias","status":"publish","type":"post","link":"https:\/\/obscom.intervozes.org.br\/?p=23534","title":{"rendered":"Audi\u00eancia debater\u00e1 regras de propriedade dos portais de not\u00edcias"},"content":{"rendered":"<p><span class=\"padrao\">A Comiss&atilde;o de Ci&ecirc;ncia e Tecnologia, Comunica&ccedil;&atilde;o e Inform&aacute;tica vai realizar na quarta-feira (11) audi&ecirc;ncia p&uacute;blica para debater a possibilidade de se aplicar aos portais e sites de not&iacute;cias na internet as mesmas restri&ccedil;&otilde;es ao capital estrangeiro previstas no artigo 222 da Constitui&ccedil;&atilde;o, que trata das empresas jornal&iacute;sticas e de radiodifus&atilde;o.<\/p>\n<p>O requerimento &eacute; do presidente da comiss&atilde;o, deputado Eduardo Gomes (PSDB-TO), e do deputado Gustavo Fruet (PSDB-PR). Eles argumentam que &eacute; crescente a cria&ccedil;&atilde;o de sites e portais de internet que veiculam conte&uacute;dos noticiosos. &quot;Embora tenhamos consci&ecirc;ncia de que a internet &eacute; apenas uma estrada, por meio da qual se encaminham as informa&ccedil;&otilde;es, a grande penetra&ccedil;&atilde;o da rede vem suscitando calorosos debates na sociedade sobre a necessidade de se estabelecer algum tipo de controle<br \/>sobre ela&quot;, assinala Eduardo Gomes.<\/p>\n<p>Fruet acrescenta que &eacute; preciso discutir se cabe ou n&atilde;o aplicar restri&ccedil;&otilde;es &agrave; origem do capital das empresas que se utilizam da internet para prestar servi&ccedil;os semelhantes aos prestados pelas empresas jornal&iacute;sticas e de radiodifus&atilde;o. &quot;Muitas dessas &uacute;ltimas empresas j&aacute; se utilizam da internet para fazer chegar ao p&uacute;blico, em tempo real, as not&iacute;cias que veiculam em jornais impressos ou telejornais.&quot;<\/p>\n<p>Os deputados lembram que, desde 2002, quando foi aprovada a Emenda<br \/>Constitucional 32, a Carta passou a admitir a participa&ccedil;&atilde;o de pessoas jur&iacute;dicas na propriedade de empresas jornal&iacute;sticas e de radiodifus&atilde;o. &quot;Na mesma oportunidade, a Constitui&ccedil;&atilde;o Federal passou a permitir a participa&ccedil;&atilde;o minorit&aacute;ria de recursos estrangeiros no capital social e votante das referidas empresas.&quot;<\/p>\n<p><strong>Convidados<\/strong><\/p>\n<p>Foram convidados para o debate:<br \/>&#8211; o presidente do Supremo Tribunal Federal (STF), Gilmar Mendes;<br \/>&#8211; o consultor jur&iacute;dico do Minist&eacute;rio das Comunica&ccedil;&otilde;es, Marcelo Bechara;<br \/>&#8211; o diretor-presidente da Associa&ccedil;&atilde;o Brasileira de Internet (Abranet), Eduardo Fumes Parajo;<br \/>&#8211; o presidente-executivo da Associa&ccedil;&atilde;o Brasileira de Concession&aacute;rias de Servi&ccedil;o Telef&ocirc;nico Fixo Comutado (Abrafix), Jos&eacute; Fernandes Pauletti;<br \/>&#8211; a presidente da Associa&ccedil;&atilde;o Nacional de Jornais (ANJ), Judith Brito;<br \/>&#8211; o presidente da Associa&ccedil;&atilde;o Brasileira de Emissoras de R&aacute;dio e Televis&atilde;o (Abert), Daniel Pimentel Slaviero;<br \/>&#8211; o diretor-presidente do N&uacute;cleo de Informa&ccedil;&atilde;o e Coordena&ccedil;&atilde;o do Ponto BR (NIC.br) e membro do Comit&ecirc; Gestor da Internet no Brasil (CGI.br), Demi Getschko; e<br \/>&#8211; o cientista-chefe do Centro de Estudos e Sistemas Avan&ccedil;ados do Recife (Cesar), Silvio Meira.<\/p>\n<p>A reuni&atilde;o ocorrer&aacute; no plen&aacute;rio 13, &agrave;s 9 horas.<br \/><\/span><\/p>\n","protected":false},"excerpt":{"rendered":"<p>A Comiss&atilde;o de Ci&ecirc;ncia e Tecnologia, Comunica&ccedil;&atilde;o e Inform&aacute;tica vai realizar na quarta-feira (11) audi&ecirc;ncia p&uacute;blica para debater a possibilidade de se aplicar aos portais e sites de not&iacute;cias na internet as mesmas restri&ccedil;&otilde;es ao capital estrangeiro previstas no artigo 222 da Constitui&ccedil;&atilde;o, que trata das empresas jornal&iacute;sticas e de radiodifus&atilde;o. O requerimento &eacute; do &hellip; <a href=\"https:\/\/obscom.intervozes.org.br\/?p=23534\" class=\"more-link\">Continue lendo <span class=\"screen-reader-text\">Audi\u00eancia debater\u00e1 regras de propriedade dos portais de not\u00edcias<\/span> <span class=\"meta-nav\">&rarr;<\/span><\/a><\/p>\n","protected":false},"author":1,"featured_media":0,"comment_status":"open","ping_status":"open","sticky":false,"template":"","format":"standard","meta":{"footnotes":""},"categories":[40],"tags":[188],"_links":{"self":[{"href":"https:\/\/obscom.intervozes.org.br\/index.php?rest_route=\/wp\/v2\/posts\/23534"}],"collection":[{"href":"https:\/\/obscom.intervozes.org.br\/index.php?rest_route=\/wp\/v2\/posts"}],"about":[{"href":"https:\/\/obscom.intervozes.org.br\/index.php?rest_route=\/wp\/v2\/types\/post"}],"author":[{"embeddable":true,"href":"https:\/\/obscom.intervozes.org.br\/index.php?rest_route=\/wp\/v2\/users\/1"}],"replies":[{"embeddable":true,"href":"https:\/\/obscom.intervozes.org.br\/index.php?rest_route=%2Fwp%2Fv2%2Fcomments&post=23534"}],"version-history":[{"count":0,"href":"https:\/\/obscom.intervozes.org.br\/index.php?rest_route=\/wp\/v2\/posts\/23534\/revisions"}],"wp:attachment":[{"href":"https:\/\/obscom.intervozes.org.br\/index.php?rest_route=%2Fwp%2Fv2%2Fmedia&parent=23534"}],"wp:term":[{"taxonomy":"category","embeddable":true,"href":"https:\/\/obscom.intervozes.org.br\/index.php?rest_route=%2Fwp%2Fv2%2Fcategories&post=23534"},{"taxonomy":"post_tag","embeddable":true,"href":"https:\/\/obscom.intervozes.org.br\/index.php?rest_route=%2Fwp%2Fv2%2Ftags&post=23534"}],"curies":[{"name":"wp","href":"https:\/\/api.w.org\/{rel}","templated":true}]}}